{"id":1218,"date":"2015-07-17T11:24:25","date_gmt":"2015-07-17T11:24:25","guid":{"rendered":"http:\/\/www.aphh.pt\/?p=1218"},"modified":"2015-07-17T11:24:25","modified_gmt":"2015-07-17T11:24:25","slug":"assinado-protocolo-para-construcao-de-tres-unidades-de-saude-na-amadora","status":"publish","type":"post","link":"https:\/\/aphh.pt\/?p=1218","title":{"rendered":"Assinado protocolo para constru\u00e7\u00e3o de tr\u00eas unidades de sa\u00fade na Amadora"},"content":{"rendered":"<p>Foi assinado, no dia 30 de junho, um protocolo entre a Administra\u00e7\u00e3o Regional de Sa\u00fade de Lisboa e Vale do Tejo (ARSLVT) e a C\u00e2mara Municipal da Amadora, que visa a constru\u00e7\u00e3o e instala\u00e7\u00e3o de tr\u00eas novas unidades de sa\u00fade no concelho.<br \/>\nA assinatura deste acordo representa, segundo a ARSLVT, um importante passo para a melhoria dos servi\u00e7os prestados aos utentes do concelho, contribuindo para a moderniza\u00e7\u00e3o das infraestruturas de sa\u00fade, e permitindo dar uma melhor e mais eficiente resposta a mais de 60 mil utentes. O investimento global ronda os 3 milh\u00f5es de euros, sendo que a ARSLVT comparticipa com 70% e a autarquia com 30%.<br \/>\nAo abrigo deste protocolo ser\u00e1 constru\u00edda a Unidade de Sa\u00fade da Buraca, que substitui as atuais instala\u00e7\u00f5es da Unidade de Cuidados de Sa\u00fade Personalizados (UCSP) Buraca, a Unidade de Sa\u00fade Casal de S. Br\u00e1s que ir\u00e1 integrar a Unidade de Sa\u00fade Familiar (USF) Ribeiro Sanches e substitui as atuais instala\u00e7\u00f5es, e a Unidade de Sa\u00fade da Reboleira, que ir\u00e1 integrar a UCSP da Reboleira e a USF Alma Mater e substituir as suas atuais instala\u00e7\u00f5es.<\/p>\n","protected":false},"excerpt":{"rendered":"<p>Foi assinado, no dia 30 de junho, um protocolo entre a Administra\u00e7\u00e3o Regional de Sa\u00fade de Lisboa e Vale do Tejo (ARSLVT) e a C\u00e2mara Municipal da Amadora, que visa a constru\u00e7\u00e3o e instala\u00e7\u00e3o de tr\u00eas novas unidades de sa\u00fade no concelho. A assinatura deste acordo representa, segundo a ARSLVT, um importante passo para a [&hellip;]<\/p>\n","protected":false},"author":2,"featured_media":0,"comment_status":"closed","ping_status":"closed","sticky":false,"template":"","format":"standard","meta":{"content-type":"","footnotes":""},"categories":[4],"tags":[],"class_list":["post-1218","post","type-post","status-publish","format-standard","hentry","category-noticias"],"_links":{"self":[{"href":"https:\/\/aphh.pt\/index.php?rest_route=\/wp\/v2\/posts\/1218","targetHints":{"allow":["GET"]}}],"collection":[{"href":"https:\/\/aphh.pt\/index.php?rest_route=\/wp\/v2\/posts"}],"about":[{"href":"https:\/\/aphh.pt\/index.php?rest_route=\/wp\/v2\/types\/post"}],"author":[{"embeddable":true,"href":"https:\/\/aphh.pt\/index.php?rest_route=\/wp\/v2\/users\/2"}],"replies":[{"embeddable":true,"href":"https:\/\/aphh.pt\/index.php?rest_route=%2Fwp%2Fv2%2Fcomments&post=1218"}],"version-history":[{"count":0,"href":"https:\/\/aphh.pt\/index.php?rest_route=\/wp\/v2\/posts\/1218\/revisions"}],"wp:attachment":[{"href":"https:\/\/aphh.pt\/index.php?rest_route=%2Fwp%2Fv2%2Fmedia&parent=1218"}],"wp:term":[{"taxonomy":"category","embeddable":true,"href":"https:\/\/aphh.pt\/index.php?rest_route=%2Fwp%2Fv2%2Fcategories&post=1218"},{"taxonomy":"post_tag","embeddable":true,"href":"https:\/\/aphh.pt\/index.php?rest_route=%2Fwp%2Fv2%2Ftags&post=1218"}],"curies":[{"name":"wp","href":"https:\/\/api.w.org\/{rel}","templated":true}]}}