{"id":1233,"date":"2015-09-04T11:03:49","date_gmt":"2015-09-04T11:03:49","guid":{"rendered":"http:\/\/www.aphh.pt\/?p=1233"},"modified":"2015-09-04T11:03:49","modified_gmt":"2015-09-04T11:03:49","slug":"arslvt-com-80-novas-camas-de-cuidados-continuados","status":"publish","type":"post","link":"https:\/\/aphh.pt\/?p=1233","title":{"rendered":"ARSLVT com 80 novas camas de cuidados continuados"},"content":{"rendered":"<p>A Administra\u00e7\u00e3o Regional de Sa\u00fade de Lisboa e Vale do Tejo (ARSLVT) passou a disponibilizar, desde 1 de setembro, oitenta novas camas de longa dura\u00e7\u00e3o e manuten\u00e7\u00e3o e m\u00e9dia dura\u00e7\u00e3o e reabilita\u00e7\u00e3o no concelho de Oeiras.<br \/>\nCom este alargamento, a Regi\u00e3o de Lisboa e Vale do Tejo conta agora com 1.958 camas em unidades de internamento de cuidados continuados integrados e paliativos.<br \/>\nDesde 2011, a ARSLVT aumentou o n\u00famero de camas de resposta a esta necessidade em 76 por cento.<\/p>\n","protected":false},"excerpt":{"rendered":"<p>A Administra\u00e7\u00e3o Regional de Sa\u00fade de Lisboa e Vale do Tejo (ARSLVT) passou a disponibilizar, desde 1 de setembro, oitenta novas camas de longa dura\u00e7\u00e3o e manuten\u00e7\u00e3o e m\u00e9dia dura\u00e7\u00e3o e reabilita\u00e7\u00e3o no concelho de Oeiras. Com este alargamento, a Regi\u00e3o de Lisboa e Vale do Tejo conta agora com 1.958 camas em unidades de [&hellip;]<\/p>\n","protected":false},"author":2,"featured_media":0,"comment_status":"closed","ping_status":"closed","sticky":false,"template":"","format":"standard","meta":{"content-type":"","footnotes":""},"categories":[4],"tags":[],"class_list":["post-1233","post","type-post","status-publish","format-standard","hentry","category-noticias"],"_links":{"self":[{"href":"https:\/\/aphh.pt\/index.php?rest_route=\/wp\/v2\/posts\/1233","targetHints":{"allow":["GET"]}}],"collection":[{"href":"https:\/\/aphh.pt\/index.php?rest_route=\/wp\/v2\/posts"}],"about":[{"href":"https:\/\/aphh.pt\/index.php?rest_route=\/wp\/v2\/types\/post"}],"author":[{"embeddable":true,"href":"https:\/\/aphh.pt\/index.php?rest_route=\/wp\/v2\/users\/2"}],"replies":[{"embeddable":true,"href":"https:\/\/aphh.pt\/index.php?rest_route=%2Fwp%2Fv2%2Fcomments&post=1233"}],"version-history":[{"count":0,"href":"https:\/\/aphh.pt\/index.php?rest_route=\/wp\/v2\/posts\/1233\/revisions"}],"wp:attachment":[{"href":"https:\/\/aphh.pt\/index.php?rest_route=%2Fwp%2Fv2%2Fmedia&parent=1233"}],"wp:term":[{"taxonomy":"category","embeddable":true,"href":"https:\/\/aphh.pt\/index.php?rest_route=%2Fwp%2Fv2%2Fcategories&post=1233"},{"taxonomy":"post_tag","embeddable":true,"href":"https:\/\/aphh.pt\/index.php?rest_route=%2Fwp%2Fv2%2Ftags&post=1233"}],"curies":[{"name":"wp","href":"https:\/\/api.w.org\/{rel}","templated":true}]}}