{"id":1235,"date":"2015-09-11T09:34:07","date_gmt":"2015-09-11T09:34:07","guid":{"rendered":"http:\/\/www.aphh.pt\/?p=1235"},"modified":"2015-09-11T09:34:07","modified_gmt":"2015-09-11T09:34:07","slug":"seminario-qualidade-ambiental-em-unidades-de-saude-e-infeccoes-associadas","status":"publish","type":"post","link":"https:\/\/aphh.pt\/?p=1235","title":{"rendered":"Semin\u00e1rio  &quot;Qualidade Ambiental em Unidades de Sa\u00fade e Infec\u00e7\u00f5es Associadas&quot;"},"content":{"rendered":"<p>Organizado pela Associa\u00e7\u00e3o Portuguesa de Infe\u00e7\u00e3o Hospitalar (APIH), este semin\u00e1rio decorre dia 29 de setembro no audit\u00f3rio do INSA.<br \/>\nMais informa\u00e7\u00e3o <a href=\"http:\/\/apih.pt\/index_seminario_lisboa.html\" target=\"_blank\" rel=\"noopener noreferrer\">aqui<\/a>.<\/p>\n","protected":false},"excerpt":{"rendered":"<p>Organizado pela Associa\u00e7\u00e3o Portuguesa de Infe\u00e7\u00e3o Hospitalar (APIH), este semin\u00e1rio decorre dia 29 de setembro no audit\u00f3rio do INSA. Mais informa\u00e7\u00e3o aqui.<\/p>\n","protected":false},"author":2,"featured_media":0,"comment_status":"closed","ping_status":"closed","sticky":false,"template":"","format":"standard","meta":{"content-type":"","footnotes":""},"categories":[5],"tags":[],"class_list":["post-1235","post","type-post","status-publish","format-standard","hentry","category-eventos"],"_links":{"self":[{"href":"https:\/\/aphh.pt\/index.php?rest_route=\/wp\/v2\/posts\/1235","targetHints":{"allow":["GET"]}}],"collection":[{"href":"https:\/\/aphh.pt\/index.php?rest_route=\/wp\/v2\/posts"}],"about":[{"href":"https:\/\/aphh.pt\/index.php?rest_route=\/wp\/v2\/types\/post"}],"author":[{"embeddable":true,"href":"https:\/\/aphh.pt\/index.php?rest_route=\/wp\/v2\/users\/2"}],"replies":[{"embeddable":true,"href":"https:\/\/aphh.pt\/index.php?rest_route=%2Fwp%2Fv2%2Fcomments&post=1235"}],"version-history":[{"count":0,"href":"https:\/\/aphh.pt\/index.php?rest_route=\/wp\/v2\/posts\/1235\/revisions"}],"wp:attachment":[{"href":"https:\/\/aphh.pt\/index.php?rest_route=%2Fwp%2Fv2%2Fmedia&parent=1235"}],"wp:term":[{"taxonomy":"category","embeddable":true,"href":"https:\/\/aphh.pt\/index.php?rest_route=%2Fwp%2Fv2%2Fcategories&post=1235"},{"taxonomy":"post_tag","embeddable":true,"href":"https:\/\/aphh.pt\/index.php?rest_route=%2Fwp%2Fv2%2Ftags&post=1235"}],"curies":[{"name":"wp","href":"https:\/\/api.w.org\/{rel}","templated":true}]}}