{"id":1247,"date":"2015-10-23T09:40:04","date_gmt":"2015-10-23T09:40:04","guid":{"rendered":"http:\/\/www.aphh.pt\/?p=1247"},"modified":"2015-10-23T09:40:04","modified_gmt":"2015-10-23T09:40:04","slug":"alimentaria-horexpo","status":"publish","type":"post","link":"https:\/\/aphh.pt\/?p=1247","title":{"rendered":"Alimentaria &amp; Horexpo"},"content":{"rendered":"<p>Decorre de 22 a 24 de novembro, em Lisboa, a Alimentaria &amp; Horexpo &#8211; Sal\u00e3o Internacional da Alimenta\u00e7\u00e3o, Hotelaria e Tecnologia para a Ind\u00fastria Alimentar.<br \/>\nEste projeto concentra, no mesmo espa\u00e7o, a oferta e a procura da fileira da ind\u00fastria alimentar, hotelaria e distribui\u00e7\u00e3o atrav\u00e9s de tr\u00eas sal\u00f5es &#8211; Alimentaria, Horexpo e Tecnoalimentaria.<br \/>\nEsta oferta global tem como objetivo proporcionar \u00e0s empresas participantes o acesso a um maior n\u00famero de sectores da procura e a mais clientes, uma vez que o leque de potenciais compradores \u00e9 alargado.<br \/>\nO visitante profissional ter\u00e1 a oportunidade de aceder a um espa\u00e7o com uma oferta alargada para os setores da alimenta\u00e7\u00e3o, restaura\u00e7\u00e3o e hotelaria.<br \/>\nMais informa\u00e7\u00e3o <a href=\"http:\/\/alimentariahorexpo.fil.pt\/apresentacao\/#alimentaria\" target=\"_blank\" rel=\"noopener noreferrer\">aqui<\/a>.<\/p>\n","protected":false},"excerpt":{"rendered":"<p>Decorre de 22 a 24 de novembro, em Lisboa, a Alimentaria &amp; Horexpo &#8211; Sal\u00e3o Internacional da Alimenta\u00e7\u00e3o, Hotelaria e Tecnologia para a Ind\u00fastria Alimentar. Este projeto concentra, no mesmo espa\u00e7o, a oferta e a procura da fileira da ind\u00fastria alimentar, hotelaria e distribui\u00e7\u00e3o atrav\u00e9s de tr\u00eas sal\u00f5es &#8211; Alimentaria, Horexpo e Tecnoalimentaria. Esta oferta [&hellip;]<\/p>\n","protected":false},"author":2,"featured_media":0,"comment_status":"closed","ping_status":"closed","sticky":false,"template":"","format":"standard","meta":{"content-type":"","footnotes":""},"categories":[5],"tags":[],"class_list":["post-1247","post","type-post","status-publish","format-standard","hentry","category-eventos"],"_links":{"self":[{"href":"https:\/\/aphh.pt\/index.php?rest_route=\/wp\/v2\/posts\/1247","targetHints":{"allow":["GET"]}}],"collection":[{"href":"https:\/\/aphh.pt\/index.php?rest_route=\/wp\/v2\/posts"}],"about":[{"href":"https:\/\/aphh.pt\/index.php?rest_route=\/wp\/v2\/types\/post"}],"author":[{"embeddable":true,"href":"https:\/\/aphh.pt\/index.php?rest_route=\/wp\/v2\/users\/2"}],"replies":[{"embeddable":true,"href":"https:\/\/aphh.pt\/index.php?rest_route=%2Fwp%2Fv2%2Fcomments&post=1247"}],"version-history":[{"count":0,"href":"https:\/\/aphh.pt\/index.php?rest_route=\/wp\/v2\/posts\/1247\/revisions"}],"wp:attachment":[{"href":"https:\/\/aphh.pt\/index.php?rest_route=%2Fwp%2Fv2%2Fmedia&parent=1247"}],"wp:term":[{"taxonomy":"category","embeddable":true,"href":"https:\/\/aphh.pt\/index.php?rest_route=%2Fwp%2Fv2%2Fcategories&post=1247"},{"taxonomy":"post_tag","embeddable":true,"href":"https:\/\/aphh.pt\/index.php?rest_route=%2Fwp%2Fv2%2Ftags&post=1247"}],"curies":[{"name":"wp","href":"https:\/\/api.w.org\/{rel}","templated":true}]}}