{"id":1297,"date":"2016-03-11T11:13:43","date_gmt":"2016-03-11T11:13:43","guid":{"rendered":"http:\/\/www.aphh.pt\/?p=1297"},"modified":"2016-03-11T11:13:43","modified_gmt":"2016-03-11T11:13:43","slug":"seminario-iodo-saude-30-de-marco-porto","status":"publish","type":"post","link":"https:\/\/aphh.pt\/?p=1297","title":{"rendered":"Semin\u00e1rio iodo &amp; sa\u00fade &#8211; 30 de mar\u00e7o, Porto"},"content":{"rendered":"<p>A Organiza\u00e7\u00e3o Mundial de Sa\u00fade estima que 1 em cada 3 crian\u00e7as do mundo sofrem de defici\u00eancia de iodo, colocando em risco o seu desenvolvimento cognitivo. V\u00e1rios pa\u00edses do mundo j\u00e1 iniciaram programas alimentares de suplementa\u00e7\u00e3o de iodo, mas Portugal n\u00e3o disp\u00f5e ainda de dados robustos nem de pol\u00edticas alimentares sobre esta quest\u00e3o.<br \/>\nPara arrancar com o debate p\u00fablico sobre a quest\u00e3o, ir\u00e1 realizar-se no dia 30 de mar\u00e7o de 2016, no Sal\u00e3o Nobre da Reitoria da Universidade do Porto (Pra\u00e7a Gomes Teixeira, Porto), o semin\u00e1rio Iodo e Sa\u00fade que contar\u00e1 com a participa\u00e7\u00e3o de representantes da Organiza\u00e7\u00e3o Mundial de Sa\u00fade, Dire\u00e7\u00e3o Geral de Sa\u00fade, Dire\u00e7\u00e3o Geral da Educa\u00e7\u00e3o, Ordem dos M\u00e9dicos, Ordem dos Nutricionistas, Ordem dos Psic\u00f3logos, Instituto Nacional de Sa\u00fade Dr. Ricardo Jorge, Federa\u00e7\u00e3o das Ind\u00fastrias Portuguesas Agroalimentares, ASAE e restaura\u00e7\u00e3o coletiva.<\/p>\n","protected":false},"excerpt":{"rendered":"<p>A Organiza\u00e7\u00e3o Mundial de Sa\u00fade estima que 1 em cada 3 crian\u00e7as do mundo sofrem de defici\u00eancia de iodo, colocando em risco o seu desenvolvimento cognitivo. V\u00e1rios pa\u00edses do mundo j\u00e1 iniciaram programas alimentares de suplementa\u00e7\u00e3o de iodo, mas Portugal n\u00e3o disp\u00f5e ainda de dados robustos nem de pol\u00edticas alimentares sobre esta quest\u00e3o. Para arrancar [&hellip;]<\/p>\n","protected":false},"author":2,"featured_media":0,"comment_status":"closed","ping_status":"closed","sticky":false,"template":"","format":"standard","meta":{"content-type":"","footnotes":""},"categories":[5],"tags":[],"class_list":["post-1297","post","type-post","status-publish","format-standard","hentry","category-eventos"],"_links":{"self":[{"href":"https:\/\/aphh.pt\/index.php?rest_route=\/wp\/v2\/posts\/1297","targetHints":{"allow":["GET"]}}],"collection":[{"href":"https:\/\/aphh.pt\/index.php?rest_route=\/wp\/v2\/posts"}],"about":[{"href":"https:\/\/aphh.pt\/index.php?rest_route=\/wp\/v2\/types\/post"}],"author":[{"embeddable":true,"href":"https:\/\/aphh.pt\/index.php?rest_route=\/wp\/v2\/users\/2"}],"replies":[{"embeddable":true,"href":"https:\/\/aphh.pt\/index.php?rest_route=%2Fwp%2Fv2%2Fcomments&post=1297"}],"version-history":[{"count":0,"href":"https:\/\/aphh.pt\/index.php?rest_route=\/wp\/v2\/posts\/1297\/revisions"}],"wp:attachment":[{"href":"https:\/\/aphh.pt\/index.php?rest_route=%2Fwp%2Fv2%2Fmedia&parent=1297"}],"wp:term":[{"taxonomy":"category","embeddable":true,"href":"https:\/\/aphh.pt\/index.php?rest_route=%2Fwp%2Fv2%2Fcategories&post=1297"},{"taxonomy":"post_tag","embeddable":true,"href":"https:\/\/aphh.pt\/index.php?rest_route=%2Fwp%2Fv2%2Ftags&post=1297"}],"curies":[{"name":"wp","href":"https:\/\/api.w.org\/{rel}","templated":true}]}}