{"id":1300,"date":"2016-03-18T11:49:47","date_gmt":"2016-03-18T11:49:47","guid":{"rendered":"http:\/\/www.aphh.pt\/?p=1300"},"modified":"2016-03-18T11:49:47","modified_gmt":"2016-03-18T11:49:47","slug":"habitos-alimentares-inadequados-dos-portugueses-sao-primeiro-fator-de-risco-de-perda-de-anos-de-vida","status":"publish","type":"post","link":"https:\/\/aphh.pt\/?p=1300","title":{"rendered":"H\u00e1bitos alimentares inadequados dos portugueses s\u00e3o primeiro fator de risco de perda de anos de vida"},"content":{"rendered":"<p>A Dire\u00e7\u00e3o-Geral da Sa\u00fade divulgou o relat\u00f3rio \u201cPortugal \u2013 Alimenta\u00e7\u00e3o Saud\u00e1vel em N\u00fameros 2015\u201d.<br \/>\nApesar de os autores do relat\u00f3rio constatarem a estabiliza\u00e7\u00e3o do crescimento da obesidade e do aumento do peso corporal, medido atrav\u00e9s do \u00cdndice de Massa Corporal, registado pelas crian\u00e7as portuguesas nos \u00faltimos quatro anos, frisam que a propor\u00e7\u00e3o de crian\u00e7as com excesso de peso em Portugal est\u00e1 acima da m\u00e9dia europeia. A rela\u00e7\u00e3o deste dado com as desigualdades sociais est\u00e1 no topo das preocupa\u00e7\u00f5es expressas no documento.<br \/>\nA necessidade de mudan\u00e7a de h\u00e1bitos alimentares \u00e9 evidenciada pelo n\u00famero crescente de crian\u00e7as e adolescentes que afirmam nunca ingerir frutas e hort\u00edcolas, aliado \u00e0 reduzida disponibilidade de leite e derivados e a manuten\u00e7\u00e3o do baixo consumo de leguminosas. O elevado conte\u00fado de gorduras trans presente nos alimentos comercializados no mercado portugu\u00eas e o consumo excessivo de sal por crian\u00e7as e adolescentes s\u00e3o tamb\u00e9m conclus\u00f5es enfatizadas na an\u00e1lise agora apresentada.<br \/>\nOs h\u00e1bitos alimentares inadequados dos portugueses constituem o primeiro fator de risco de perda de anos de vida. Estudos internacionais apontam a m\u00e1 alimenta\u00e7\u00e3o como respons\u00e1vel por 11,96% do total de anos de vida prematuramente perdidos pelas mulheres portuguesas, percentagem que sobe para 15,27% no sexo masculino.<br \/>\nAs car\u00eancias alimentares s\u00e3o tamb\u00e9m alvo de preocupa\u00e7\u00e3o, j\u00e1 que uma em cada 14 fam\u00edlias portuguesas avaliadas no \u00e2mbito deste relat\u00f3rio pode n\u00e3o consumir alimentos suficientes devido \u00e0 falta de dinheiro.<br \/>\nMais informa\u00e7\u00e3o <a href=\"https:\/\/www.dgs.pt\/em-destaque\/portugal-alimentacao-saudavel-em-numeros-2015.aspx\" target=\"_blank\" rel=\"noopener noreferrer\">aqui<\/a>.<\/p>\n","protected":false},"excerpt":{"rendered":"<p>A Dire\u00e7\u00e3o-Geral da Sa\u00fade divulgou o relat\u00f3rio \u201cPortugal \u2013 Alimenta\u00e7\u00e3o Saud\u00e1vel em N\u00fameros 2015\u201d. Apesar de os autores do relat\u00f3rio constatarem a estabiliza\u00e7\u00e3o do crescimento da obesidade e do aumento do peso corporal, medido atrav\u00e9s do \u00cdndice de Massa Corporal, registado pelas crian\u00e7as portuguesas nos \u00faltimos quatro anos, frisam que a propor\u00e7\u00e3o de crian\u00e7as com [&hellip;]<\/p>\n","protected":false},"author":2,"featured_media":0,"comment_status":"closed","ping_status":"closed","sticky":false,"template":"","format":"standard","meta":{"content-type":"","footnotes":""},"categories":[4],"tags":[],"class_list":["post-1300","post","type-post","status-publish","format-standard","hentry","category-noticias"],"_links":{"self":[{"href":"https:\/\/aphh.pt\/index.php?rest_route=\/wp\/v2\/posts\/1300","targetHints":{"allow":["GET"]}}],"collection":[{"href":"https:\/\/aphh.pt\/index.php?rest_route=\/wp\/v2\/posts"}],"about":[{"href":"https:\/\/aphh.pt\/index.php?rest_route=\/wp\/v2\/types\/post"}],"author":[{"embeddable":true,"href":"https:\/\/aphh.pt\/index.php?rest_route=\/wp\/v2\/users\/2"}],"replies":[{"embeddable":true,"href":"https:\/\/aphh.pt\/index.php?rest_route=%2Fwp%2Fv2%2Fcomments&post=1300"}],"version-history":[{"count":0,"href":"https:\/\/aphh.pt\/index.php?rest_route=\/wp\/v2\/posts\/1300\/revisions"}],"wp:attachment":[{"href":"https:\/\/aphh.pt\/index.php?rest_route=%2Fwp%2Fv2%2Fmedia&parent=1300"}],"wp:term":[{"taxonomy":"category","embeddable":true,"href":"https:\/\/aphh.pt\/index.php?rest_route=%2Fwp%2Fv2%2Fcategories&post=1300"},{"taxonomy":"post_tag","embeddable":true,"href":"https:\/\/aphh.pt\/index.php?rest_route=%2Fwp%2Fv2%2Ftags&post=1300"}],"curies":[{"name":"wp","href":"https:\/\/api.w.org\/{rel}","templated":true}]}}