{"id":1318,"date":"2016-05-12T10:14:14","date_gmt":"2016-05-12T10:14:14","guid":{"rendered":"http:\/\/www.aphh.pt\/?p=1318"},"modified":"2016-05-12T10:14:14","modified_gmt":"2016-05-12T10:14:14","slug":"i-congresso-de-enfermagem-da-jose-de-mello-saude","status":"publish","type":"post","link":"https:\/\/aphh.pt\/?p=1318","title":{"rendered":"I Congresso de Enfermagem da Jos\u00e9 de Mello Sa\u00fade"},"content":{"rendered":"<p>Realiza-se nos pr\u00f3ximos dias 26 e 27 de maio o <strong>I<\/strong> <strong>Congresso de Enfermagem da Jos\u00e9 de Mello Sa\u00fade<\/strong> (JMS), promovido pelo <strong>Conselho de Enfermagem da JMS<\/strong> e pela <strong>Academia CUF<\/strong>, com o tema \u201c<strong>Enfermagem: A Ci\u00eancia do Cuidar<\/strong>\u201d. O evento decorre nos audit\u00f3rios do Hospital de Braga e no Parque de Exposi\u00e7\u00f5es de Braga.<br \/>\nO <strong>I Congresso de Enfermagem da Jos\u00e9 de Mello Sa\u00fade<\/strong> re\u00fane peritos das mais diversas \u00e1reas e profissionais de Enfermagem das unidades da Jos\u00e9 de Mello Sa\u00fade. <strong>Jean Watson<\/strong> \u00e9 a convidada especial, apresentando a interven\u00e7\u00e3o \u201cEnfermagem: A Ci\u00eancia do Cuidar \u2013 Transformando o Futuro\u201d, que ter\u00e1 lugar no dia 26, no Audit\u00f3rio 1 do Hospital de Braga.<br \/>\nInscri\u00e7\u00f5es <a href=\"http:\/\/www.last2ticket.com\/ev1441-Bilhetes-Online-I-Congresso-Internacional-de-Enfermagem-JMS\" target=\"_blank\" rel=\"noopener noreferrer\">aqui<\/a>.<\/p>\n","protected":false},"excerpt":{"rendered":"<p>Realiza-se nos pr\u00f3ximos dias 26 e 27 de maio o I Congresso de Enfermagem da Jos\u00e9 de Mello Sa\u00fade (JMS), promovido pelo Conselho de Enfermagem da JMS e pela Academia CUF, com o tema \u201cEnfermagem: A Ci\u00eancia do Cuidar\u201d. O evento decorre nos audit\u00f3rios do Hospital de Braga e no Parque de Exposi\u00e7\u00f5es de Braga. [&hellip;]<\/p>\n","protected":false},"author":2,"featured_media":0,"comment_status":"closed","ping_status":"closed","sticky":false,"template":"","format":"standard","meta":{"content-type":"","footnotes":""},"categories":[5],"tags":[],"class_list":["post-1318","post","type-post","status-publish","format-standard","hentry","category-eventos"],"_links":{"self":[{"href":"https:\/\/aphh.pt\/index.php?rest_route=\/wp\/v2\/posts\/1318","targetHints":{"allow":["GET"]}}],"collection":[{"href":"https:\/\/aphh.pt\/index.php?rest_route=\/wp\/v2\/posts"}],"about":[{"href":"https:\/\/aphh.pt\/index.php?rest_route=\/wp\/v2\/types\/post"}],"author":[{"embeddable":true,"href":"https:\/\/aphh.pt\/index.php?rest_route=\/wp\/v2\/users\/2"}],"replies":[{"embeddable":true,"href":"https:\/\/aphh.pt\/index.php?rest_route=%2Fwp%2Fv2%2Fcomments&post=1318"}],"version-history":[{"count":0,"href":"https:\/\/aphh.pt\/index.php?rest_route=\/wp\/v2\/posts\/1318\/revisions"}],"wp:attachment":[{"href":"https:\/\/aphh.pt\/index.php?rest_route=%2Fwp%2Fv2%2Fmedia&parent=1318"}],"wp:term":[{"taxonomy":"category","embeddable":true,"href":"https:\/\/aphh.pt\/index.php?rest_route=%2Fwp%2Fv2%2Fcategories&post=1318"},{"taxonomy":"post_tag","embeddable":true,"href":"https:\/\/aphh.pt\/index.php?rest_route=%2Fwp%2Fv2%2Ftags&post=1318"}],"curies":[{"name":"wp","href":"https:\/\/api.w.org\/{rel}","templated":true}]}}