{"id":1327,"date":"2016-06-17T11:15:22","date_gmt":"2016-06-17T11:15:22","guid":{"rendered":"http:\/\/www.aphh.pt\/?p=1327"},"modified":"2016-06-17T11:15:22","modified_gmt":"2016-06-17T11:15:22","slug":"contratacao-publica-em-destaque-nas-v-jornadas-da-aphh","status":"publish","type":"post","link":"https:\/\/aphh.pt\/?p=1327","title":{"rendered":"Contrata\u00e7\u00e3o p\u00fablica em destaque nas V Jornadas da APHH"},"content":{"rendered":"<p>A contrata\u00e7\u00e3o p\u00fablica foi um dos temas em destaque nas V Jornadas da Associa\u00e7\u00e3o Portuguesa de Hotelaria Hospitalar.<br \/>\nAnabela Almeida, da Universidade da Beira Interior, alertou que as compras centralizadas n\u00e3o devem ser feitas s\u00f3 de acordo com o crit\u00e9rio do pre\u00e7o mas tendo em conta crit\u00e9rios de qualidade, lembrando que a concorr\u00eancia tem de existir e o processo tem de ser transparente.<br \/>\nPara Anabela Almeida, n\u00e3o existe apenas uma solu\u00e7\u00e3o &#8211; as compras centralizadas podem ser o mecanismo mais adequado em determinadas unidades de sa\u00fade, enquanto que para outras essa pode n\u00e3o ser a solu\u00e7\u00e3o mais adequada.<br \/>\nTamb\u00e9m o tema da vigil\u00e2ncia e seguran\u00e7a foi abordado, neste caso por Andr\u00e9 Sardinha, diretor do Servi\u00e7o de Opera\u00e7\u00f5es Hoteleiras do Hospital de S\u00e3o Jo\u00e3o. O respons\u00e1vel considera haver, hoje, menos dificuldade na gest\u00e3o operacional da contrata\u00e7\u00e3o da vigil\u00e2ncia, embora reconhe\u00e7a que a qualidade do servi\u00e7o possa estar abaixo do adequado, por exemplo por falta de adequa\u00e7\u00e3o do perfil do vigilante ao cargo. Para isto contribuem o que Andr\u00e9 Sardinha designa por &#8220;empresas predadoras de mercado&#8221;, que praticam pre\u00e7os abaixo do expect\u00e1vel e, consequentemente, n\u00e3o cumprem as premissas do caderno de encargos. Para fazer face \u00e0 inadequa\u00e7\u00e3o do perfil de quem vem a ocupar este cargo, Andr\u00e9 Sardinha prop\u00f5e a cria\u00e7\u00e3o de uma carteira de vigilante espec\u00edfica para a \u00e1rea da sa\u00fade.<br \/>\nA limpeza e a desinfe\u00e7\u00e3o foram temas abordados por Am\u00e1lia Espada, Presidente da Associa\u00e7\u00e3o Nacional de Esteriliza\u00e7\u00e3o, que analisou a regulamenta\u00e7\u00e3o do reprocessamento de dispositivos m\u00e9dicos de uso \u00fanico, e por Tiago Rocha, da ISS, que lembrou que a limpeza impacta em diversas \u00e1reas do hospital &#8211; por exemplo, na redu\u00e7\u00e3o da infe\u00e7\u00e3o hospitalar.<\/p>\n","protected":false},"excerpt":{"rendered":"<p>A contrata\u00e7\u00e3o p\u00fablica foi um dos temas em destaque nas V Jornadas da Associa\u00e7\u00e3o Portuguesa de Hotelaria Hospitalar. Anabela Almeida, da Universidade da Beira Interior, alertou que as compras centralizadas n\u00e3o devem ser feitas s\u00f3 de acordo com o crit\u00e9rio do pre\u00e7o mas tendo em conta crit\u00e9rios de qualidade, lembrando que a concorr\u00eancia tem de [&hellip;]<\/p>\n","protected":false},"author":2,"featured_media":0,"comment_status":"closed","ping_status":"closed","sticky":false,"template":"","format":"standard","meta":{"content-type":"","footnotes":""},"categories":[4],"tags":[],"class_list":["post-1327","post","type-post","status-publish","format-standard","hentry","category-noticias"],"_links":{"self":[{"href":"https:\/\/aphh.pt\/index.php?rest_route=\/wp\/v2\/posts\/1327","targetHints":{"allow":["GET"]}}],"collection":[{"href":"https:\/\/aphh.pt\/index.php?rest_route=\/wp\/v2\/posts"}],"about":[{"href":"https:\/\/aphh.pt\/index.php?rest_route=\/wp\/v2\/types\/post"}],"author":[{"embeddable":true,"href":"https:\/\/aphh.pt\/index.php?rest_route=\/wp\/v2\/users\/2"}],"replies":[{"embeddable":true,"href":"https:\/\/aphh.pt\/index.php?rest_route=%2Fwp%2Fv2%2Fcomments&post=1327"}],"version-history":[{"count":0,"href":"https:\/\/aphh.pt\/index.php?rest_route=\/wp\/v2\/posts\/1327\/revisions"}],"wp:attachment":[{"href":"https:\/\/aphh.pt\/index.php?rest_route=%2Fwp%2Fv2%2Fmedia&parent=1327"}],"wp:term":[{"taxonomy":"category","embeddable":true,"href":"https:\/\/aphh.pt\/index.php?rest_route=%2Fwp%2Fv2%2Fcategories&post=1327"},{"taxonomy":"post_tag","embeddable":true,"href":"https:\/\/aphh.pt\/index.php?rest_route=%2Fwp%2Fv2%2Ftags&post=1327"}],"curies":[{"name":"wp","href":"https:\/\/api.w.org\/{rel}","templated":true}]}}