{"id":1334,"date":"2016-07-08T17:21:15","date_gmt":"2016-07-08T17:21:15","guid":{"rendered":"http:\/\/www.aphh.pt\/?p=1334"},"modified":"2016-07-08T17:21:15","modified_gmt":"2016-07-08T17:21:15","slug":"6o-congresso-internacional-dos-hospitais","status":"publish","type":"post","link":"https:\/\/aphh.pt\/?p=1334","title":{"rendered":"6\u00ba Congresso Internacional dos Hospitais"},"content":{"rendered":"<p>Decorre de 23 a 25 de novembro o 6\u00ba Congresso Internacional dos Hospitais, sob o tema \u201cInovar em Sa\u00fade: Mito ou realidade?\u201d, no Audit\u00f3rio do Edif\u00edcio Tom\u00e9 Pires do INFARMED, em Lisboa, com organiza\u00e7\u00e3o da APDH.<br \/>\nO objetivo \u00e9 proporcionar uma an\u00e1lise plural e prospetiva sobre a tem\u00e1tica da inova\u00e7\u00e3o em sa\u00fade e os desafios futuros para os cuidados de sa\u00fade prim\u00e1rios, secund\u00e1rios e continuados, considerando o sistema a um n\u00edvel macro e micro quanto \u00e0 sua sustentabilidade, organiza\u00e7\u00e3o da presta\u00e7\u00e3o dos cuidados de sa\u00fade, dos recursos humanos e dos ganhos em sa\u00fade e melhor acesso para o cidad\u00e3o.<br \/>\nEsta an\u00e1lise deve ser centrada na evolu\u00e7\u00e3o verificada em Portugal e na evid\u00eancia comparada com outros pa\u00edses, aliada \u00e0 evolu\u00e7\u00e3o da conjuntura econ\u00f3mico-financeira, \u00e0 problem\u00e1tica do envelhecimento da popula\u00e7\u00e3o, ao aumento das doen\u00e7as cr\u00f3nicas e de evolu\u00e7\u00e3o prolongada e ao desenvolvimento das tecnologias da informa\u00e7\u00e3o e biom\u00e9dicas.<br \/>\nMais informa\u00e7\u00e3o <a href=\"http:\/\/www.apdh.pt\/6CIH\" target=\"_blank\" rel=\"noopener noreferrer\">aqui<\/a>.<\/p>\n","protected":false},"excerpt":{"rendered":"<p>Decorre de 23 a 25 de novembro o 6\u00ba Congresso Internacional dos Hospitais, sob o tema \u201cInovar em Sa\u00fade: Mito ou realidade?\u201d, no Audit\u00f3rio do Edif\u00edcio Tom\u00e9 Pires do INFARMED, em Lisboa, com organiza\u00e7\u00e3o da APDH. O objetivo \u00e9 proporcionar uma an\u00e1lise plural e prospetiva sobre a tem\u00e1tica da inova\u00e7\u00e3o em sa\u00fade e os desafios [&hellip;]<\/p>\n","protected":false},"author":2,"featured_media":0,"comment_status":"closed","ping_status":"closed","sticky":false,"template":"","format":"standard","meta":{"content-type":"","footnotes":""},"categories":[5],"tags":[],"class_list":["post-1334","post","type-post","status-publish","format-standard","hentry","category-eventos"],"_links":{"self":[{"href":"https:\/\/aphh.pt\/index.php?rest_route=\/wp\/v2\/posts\/1334","targetHints":{"allow":["GET"]}}],"collection":[{"href":"https:\/\/aphh.pt\/index.php?rest_route=\/wp\/v2\/posts"}],"about":[{"href":"https:\/\/aphh.pt\/index.php?rest_route=\/wp\/v2\/types\/post"}],"author":[{"embeddable":true,"href":"https:\/\/aphh.pt\/index.php?rest_route=\/wp\/v2\/users\/2"}],"replies":[{"embeddable":true,"href":"https:\/\/aphh.pt\/index.php?rest_route=%2Fwp%2Fv2%2Fcomments&post=1334"}],"version-history":[{"count":0,"href":"https:\/\/aphh.pt\/index.php?rest_route=\/wp\/v2\/posts\/1334\/revisions"}],"wp:attachment":[{"href":"https:\/\/aphh.pt\/index.php?rest_route=%2Fwp%2Fv2%2Fmedia&parent=1334"}],"wp:term":[{"taxonomy":"category","embeddable":true,"href":"https:\/\/aphh.pt\/index.php?rest_route=%2Fwp%2Fv2%2Fcategories&post=1334"},{"taxonomy":"post_tag","embeddable":true,"href":"https:\/\/aphh.pt\/index.php?rest_route=%2Fwp%2Fv2%2Ftags&post=1334"}],"curies":[{"name":"wp","href":"https:\/\/api.w.org\/{rel}","templated":true}]}}