{"id":1342,"date":"2016-08-05T08:41:56","date_gmt":"2016-08-05T08:41:56","guid":{"rendered":"http:\/\/www.aphh.pt\/?p=1342"},"modified":"2016-08-05T08:41:56","modified_gmt":"2016-08-05T08:41:56","slug":"congresso-nacional-em-esterilizacao-20-e-21-de-outubro","status":"publish","type":"post","link":"https:\/\/aphh.pt\/?p=1342","title":{"rendered":"Congresso Nacional em Esteriliza\u00e7\u00e3o &#8211; 20 e 21 de outubro"},"content":{"rendered":"<p>A ANES &#8211; Associa\u00e7\u00e3o Nacional de Esteriliza\u00e7\u00e3o vai levar a cabo o seu congresso anual nos dias 20 e 21 de outubro, na Faculdade de Medicina Dent\u00e1ria da Universidade de Lisboa.<br \/>\nCom este congresso pretende-se discutir, refletir e\u00a0partilhar as experi\u00eancias, as d\u00favidas e o conhecimento sobre o atual estado da arte em torno do reprocessamento de dispositivos m\u00e9dicos.<br \/>\nO programa provis\u00f3rio conta com pain\u00e9is sobre o reconhecimento de compet\u00eancias dos enfermeiros em servi\u00e7os de esteriliza\u00e7\u00e3o, o papel do \u00f3rg\u00e3o fiscalizador no reprocessamento de dispositivos m\u00e9dicos de uso m\u00faltiplo ou o reprocessamento e qualidade da desinfe\u00e7\u00e3o t\u00e9rmica, entre outros temas.<br \/>\nsecretariadoanes.wixsite.com\/anes-eventos<br \/>\n&nbsp;<\/p>\n","protected":false},"excerpt":{"rendered":"<p>A ANES &#8211; Associa\u00e7\u00e3o Nacional de Esteriliza\u00e7\u00e3o vai levar a cabo o seu congresso anual nos dias 20 e 21 de outubro, na Faculdade de Medicina Dent\u00e1ria da Universidade de Lisboa. Com este congresso pretende-se discutir, refletir e\u00a0partilhar as experi\u00eancias, as d\u00favidas e o conhecimento sobre o atual estado da arte em torno do reprocessamento [&hellip;]<\/p>\n","protected":false},"author":2,"featured_media":0,"comment_status":"closed","ping_status":"closed","sticky":false,"template":"","format":"standard","meta":{"content-type":"","footnotes":""},"categories":[5],"tags":[],"class_list":["post-1342","post","type-post","status-publish","format-standard","hentry","category-eventos"],"_links":{"self":[{"href":"https:\/\/aphh.pt\/index.php?rest_route=\/wp\/v2\/posts\/1342","targetHints":{"allow":["GET"]}}],"collection":[{"href":"https:\/\/aphh.pt\/index.php?rest_route=\/wp\/v2\/posts"}],"about":[{"href":"https:\/\/aphh.pt\/index.php?rest_route=\/wp\/v2\/types\/post"}],"author":[{"embeddable":true,"href":"https:\/\/aphh.pt\/index.php?rest_route=\/wp\/v2\/users\/2"}],"replies":[{"embeddable":true,"href":"https:\/\/aphh.pt\/index.php?rest_route=%2Fwp%2Fv2%2Fcomments&post=1342"}],"version-history":[{"count":0,"href":"https:\/\/aphh.pt\/index.php?rest_route=\/wp\/v2\/posts\/1342\/revisions"}],"wp:attachment":[{"href":"https:\/\/aphh.pt\/index.php?rest_route=%2Fwp%2Fv2%2Fmedia&parent=1342"}],"wp:term":[{"taxonomy":"category","embeddable":true,"href":"https:\/\/aphh.pt\/index.php?rest_route=%2Fwp%2Fv2%2Fcategories&post=1342"},{"taxonomy":"post_tag","embeddable":true,"href":"https:\/\/aphh.pt\/index.php?rest_route=%2Fwp%2Fv2%2Ftags&post=1342"}],"curies":[{"name":"wp","href":"https:\/\/api.w.org\/{rel}","templated":true}]}}