{"id":1346,"date":"2016-08-12T09:22:05","date_gmt":"2016-08-12T09:22:05","guid":{"rendered":"http:\/\/www.aphh.pt\/?p=1346"},"modified":"2016-08-12T09:22:05","modified_gmt":"2016-08-12T09:22:05","slug":"projeto-procold-eficiencia-energetica-no-setor-do-frio-profissional-e-comercial","status":"publish","type":"post","link":"https:\/\/aphh.pt\/?p=1346","title":{"rendered":"Projeto ProCold \u2013 efici\u00eancia energ\u00e9tica no setor do frio profissional e comercial"},"content":{"rendered":"<p>O projeto europeu ProCold, financiado ao abrigo do Horizonte 2020, tem como alvo os aparelhos normalizados plug-in, usados para refrigerar ou congelar as comidas e bebidas disponibilizadas aos consumidores finais em ambientes diversificados.<br \/>\nA iniciativa surge 20 anos ap\u00f3s a introdu\u00e7\u00e3o, pela Uni\u00e3o Europeia, da etiqueta de efici\u00eancia energ\u00e9tica para aparelhos de refrigera\u00e7\u00e3o para uso dom\u00e9stico. O projeto conta com oito pa\u00edses participantes (Alemanha, \u00c1ustria, Fran\u00e7a, It\u00e1lia, Portugal, Rep\u00fablica Checa, Su\u00e9cia e Su\u00ed\u00e7a). Em Portugal, o interface ser\u00e1 feito atrav\u00e9s da Quercus.<br \/>\nTendo em conta as atuais diferen\u00e7as entre o consumo energ\u00e9tico de modelos com as mesmas funcionalidades, a escolha dos equipamentos mais eficientes pode resultar em poupan\u00e7as entre os 30 e os 50 por cento.<br \/>\nNeste cen\u00e1rio, o projeto ProCold foi concebido para dar apoio, em cada fase, aos atores do mercado profissional e comercial.<br \/>\nAs atividades a desenvolver no \u00e2mbito do ProCold incluem a listagem dos modelos mais eficientes. Depois de pedidos os dados energ\u00e9ticos aos fabricantes e fornecedores, medidos segundo normas de medi\u00e7\u00e3o compar\u00e1veis, ser\u00e3o publicadas listagens de produtos em www.topten.pt e www.topten.eu. As listagens ser\u00e3o atualizadas regularmente. Os parceiros do projeto ir\u00e3o tamb\u00e9m reunir com atores de mercado, a n\u00edvel europeu e nacional, nos oito pa\u00edses participantes. Pretende-se, com estas a\u00e7\u00f5es, um efeito multiplicador de mudan\u00e7a de pr\u00e1ticas no mercado. Ser\u00e3o tamb\u00e9m efetuados testes e ser\u00e1 dado destaque aos produtos energeticamente mais eficientes. Est\u00e3o previstas atividades de divulga\u00e7\u00e3o e comunica\u00e7\u00e3o dos resultados junto de decisores pol\u00edticos e imprensa especializada.<br \/>\n<a href=\"http:\/\/www.pro-cold.eu\/\" target=\"_blank\" rel=\"noopener noreferrer\">www.pro-cold.eu<\/a><\/p>\n","protected":false},"excerpt":{"rendered":"<p>O projeto europeu ProCold, financiado ao abrigo do Horizonte 2020, tem como alvo os aparelhos normalizados plug-in, usados para refrigerar ou congelar as comidas e bebidas disponibilizadas aos consumidores finais em ambientes diversificados. A iniciativa surge 20 anos ap\u00f3s a introdu\u00e7\u00e3o, pela Uni\u00e3o Europeia, da etiqueta de efici\u00eancia energ\u00e9tica para aparelhos de refrigera\u00e7\u00e3o para uso [&hellip;]<\/p>\n","protected":false},"author":2,"featured_media":0,"comment_status":"closed","ping_status":"closed","sticky":false,"template":"","format":"standard","meta":{"content-type":"","footnotes":""},"categories":[4],"tags":[],"class_list":["post-1346","post","type-post","status-publish","format-standard","hentry","category-noticias"],"_links":{"self":[{"href":"https:\/\/aphh.pt\/index.php?rest_route=\/wp\/v2\/posts\/1346","targetHints":{"allow":["GET"]}}],"collection":[{"href":"https:\/\/aphh.pt\/index.php?rest_route=\/wp\/v2\/posts"}],"about":[{"href":"https:\/\/aphh.pt\/index.php?rest_route=\/wp\/v2\/types\/post"}],"author":[{"embeddable":true,"href":"https:\/\/aphh.pt\/index.php?rest_route=\/wp\/v2\/users\/2"}],"replies":[{"embeddable":true,"href":"https:\/\/aphh.pt\/index.php?rest_route=%2Fwp%2Fv2%2Fcomments&post=1346"}],"version-history":[{"count":0,"href":"https:\/\/aphh.pt\/index.php?rest_route=\/wp\/v2\/posts\/1346\/revisions"}],"wp:attachment":[{"href":"https:\/\/aphh.pt\/index.php?rest_route=%2Fwp%2Fv2%2Fmedia&parent=1346"}],"wp:term":[{"taxonomy":"category","embeddable":true,"href":"https:\/\/aphh.pt\/index.php?rest_route=%2Fwp%2Fv2%2Fcategories&post=1346"},{"taxonomy":"post_tag","embeddable":true,"href":"https:\/\/aphh.pt\/index.php?rest_route=%2Fwp%2Fv2%2Ftags&post=1346"}],"curies":[{"name":"wp","href":"https:\/\/api.w.org\/{rel}","templated":true}]}}