{"id":1364,"date":"2016-09-09T11:32:26","date_gmt":"2016-09-09T11:32:26","guid":{"rendered":"http:\/\/www.aphh.pt\/?p=1364"},"modified":"2016-09-09T11:32:26","modified_gmt":"2016-09-09T11:32:26","slug":"37o-aniversario-do-sns-assinalado-em-coimbra","status":"publish","type":"post","link":"https:\/\/aphh.pt\/?p=1364","title":{"rendered":"37\u00ba anivers\u00e1rio do SNS assinalado em Coimbra"},"content":{"rendered":"<p>A 15 de setembro, o Servi\u00e7o Nacional de Sa\u00fade assinala 37 anos. As comemora\u00e7\u00f5es decorrem no Centro Hospitalar Universit\u00e1rio de Coimbra.<\/p>\n<table border=\"0\" width=\"513\" cellspacing=\"0\" cellpadding=\"0\">\n<tbody>\n<tr>\n<td class=\"fpSECMainIntro\" valign=\"top\">O tema do evento ser\u00e1 \u201cO Servi\u00e7o Nacional de Sa\u00fade e o resgate da dignidade\u201d e o programa inclui temas como A Universidade, a Investiga\u00e7\u00e3o e o SNS ou As prioridades do 3\u00ba Programa de Sa\u00fade 2014-2020; oportunidades de financiamento no SNS.<br \/>\nO fundador do SNS, Ant\u00f3nio Arnaut, ser\u00e1 homenageado.<br \/>\nConsulte <a href=\"http:\/\/www.industriaeambiente.pt\/xFiles\/scContentDeployerTH_pt\/docs\/Doc1730.pdf\" target=\"_blank\" rel=\"noopener noreferrer\">aqui<\/a> o programa.<\/td>\n<\/tr>\n<tr>\n<td valign=\"top\"><img loading=\"lazy\" decoding=\"async\" src=\"http:\/\/www.tecnohospital.pt\/scid\/webTH\/images\/1x1.gif\" alt=\"\" width=\"1\" height=\"10\" \/><\/td>\n<\/tr>\n<\/tbody>\n<\/table>\n","protected":false},"excerpt":{"rendered":"<p>A 15 de setembro, o Servi\u00e7o Nacional de Sa\u00fade assinala 37 anos. As comemora\u00e7\u00f5es decorrem no Centro Hospitalar Universit\u00e1rio de Coimbra. O tema do evento ser\u00e1 \u201cO Servi\u00e7o Nacional de Sa\u00fade e o resgate da dignidade\u201d e o programa inclui temas como A Universidade, a Investiga\u00e7\u00e3o e o SNS ou As prioridades do 3\u00ba Programa [&hellip;]<\/p>\n","protected":false},"author":2,"featured_media":0,"comment_status":"closed","ping_status":"closed","sticky":false,"template":"","format":"standard","meta":{"content-type":"","footnotes":""},"categories":[4],"tags":[],"class_list":["post-1364","post","type-post","status-publish","format-standard","hentry","category-noticias"],"_links":{"self":[{"href":"https:\/\/aphh.pt\/index.php?rest_route=\/wp\/v2\/posts\/1364","targetHints":{"allow":["GET"]}}],"collection":[{"href":"https:\/\/aphh.pt\/index.php?rest_route=\/wp\/v2\/posts"}],"about":[{"href":"https:\/\/aphh.pt\/index.php?rest_route=\/wp\/v2\/types\/post"}],"author":[{"embeddable":true,"href":"https:\/\/aphh.pt\/index.php?rest_route=\/wp\/v2\/users\/2"}],"replies":[{"embeddable":true,"href":"https:\/\/aphh.pt\/index.php?rest_route=%2Fwp%2Fv2%2Fcomments&post=1364"}],"version-history":[{"count":0,"href":"https:\/\/aphh.pt\/index.php?rest_route=\/wp\/v2\/posts\/1364\/revisions"}],"wp:attachment":[{"href":"https:\/\/aphh.pt\/index.php?rest_route=%2Fwp%2Fv2%2Fmedia&parent=1364"}],"wp:term":[{"taxonomy":"category","embeddable":true,"href":"https:\/\/aphh.pt\/index.php?rest_route=%2Fwp%2Fv2%2Fcategories&post=1364"},{"taxonomy":"post_tag","embeddable":true,"href":"https:\/\/aphh.pt\/index.php?rest_route=%2Fwp%2Fv2%2Ftags&post=1364"}],"curies":[{"name":"wp","href":"https:\/\/api.w.org\/{rel}","templated":true}]}}