{"id":1369,"date":"2016-09-23T12:31:18","date_gmt":"2016-09-23T12:31:18","guid":{"rendered":"http:\/\/www.aphh.pt\/?p=1369"},"modified":"2016-09-23T12:31:18","modified_gmt":"2016-09-23T12:31:18","slug":"associacao-dignitude-assina-protocolos-de-colaboracao-com-a-confederacao-nacional-das-instituicoes-de-solidariedade-e-a-uniao-das-misericordias-portuguesas","status":"publish","type":"post","link":"https:\/\/aphh.pt\/?p=1369","title":{"rendered":"Associa\u00e7\u00e3o Dignitude assina protocolos de colabora\u00e7\u00e3o com a Confedera\u00e7\u00e3o Nacional das Institui\u00e7\u00f5es de Solidariedade e a Uni\u00e3o das Miseric\u00f3rdias Portuguesas"},"content":{"rendered":"<p>As parcerias representam um refor\u00e7o do envolvimento do setor social no Programa Abem, o primeiro projeto de impacto nacional dinamizado pela Associa\u00e7\u00e3o Dignitude, que tem como miss\u00e3o acabar com a discrimina\u00e7\u00e3o no acesso ao medicamento.<br \/>\nEstas parcerias materializam-se em dois protocolos de colabora\u00e7\u00e3o que a Associa\u00e7\u00e3o Dignitude assinou com a Confedera\u00e7\u00e3o Nacional das Institui\u00e7\u00f5es de Solidariedade e a Uni\u00e3o das Miseric\u00f3rdias Portuguesas, dois acordos que representam um refor\u00e7o significativo da rede social do Programa Abem.<br \/>\nPara o presidente da Confedera\u00e7\u00e3o Nacional das Institui\u00e7\u00f5es de Solidariedade, padre Lino Maia, \u00aba Dignitude \u00e9 uma iniciativa solid\u00e1ria e paradigm\u00e1tica de que cada vez mais nos devemos responsabilizar uns pelos outros. H\u00e1 pessoas com enormes dificuldades para adquirir os medicamentos que lhes s\u00e3o essenciais e esta parceria vai-nos permitir, entre outras coisas, aumentar a consciencializa\u00e7\u00e3o da sociedade para esse facto\u00bb.<br \/>\nPara o presidente da Uni\u00e3o das Miseric\u00f3rdias Portuguesas, \u00aba assinatura deste protocolo com a Associa\u00e7\u00e3o Dignitude representa uma possibilidade muito s\u00e9ria de trabalharmos em rede, que \u00e9 uma coisa de que se fala muito, mas a que, em Portugal, estamos muito pouco habituados\u00bb. Manuel de Lemos est\u00e1 convicto da capacidade &#8220;de o fazer, assim como de desenvolver parcerias que acrescentar\u00e3o valor \u00e0quilo em que j\u00e1 estamos a trabalhar\u00bb.<br \/>\nPaulo Cleto Duarte, presidente da Associa\u00e7\u00e3o Dignitude, sublinha a import\u00e2ncia destes compromissos. \u00abA uni\u00e3o de institui\u00e7\u00f5es de refer\u00eancia do setor social e do sector da sa\u00fade d\u00e1-nos for\u00e7a para iniciar este combate \u00e0 discrimina\u00e7\u00e3o no acesso ao medicamento\u00bb.<\/p>\n","protected":false},"excerpt":{"rendered":"<p>As parcerias representam um refor\u00e7o do envolvimento do setor social no Programa Abem, o primeiro projeto de impacto nacional dinamizado pela Associa\u00e7\u00e3o Dignitude, que tem como miss\u00e3o acabar com a discrimina\u00e7\u00e3o no acesso ao medicamento. Estas parcerias materializam-se em dois protocolos de colabora\u00e7\u00e3o que a Associa\u00e7\u00e3o Dignitude assinou com a Confedera\u00e7\u00e3o Nacional das Institui\u00e7\u00f5es de [&hellip;]<\/p>\n","protected":false},"author":2,"featured_media":0,"comment_status":"closed","ping_status":"closed","sticky":false,"template":"","format":"standard","meta":{"content-type":"","footnotes":""},"categories":[4],"tags":[],"class_list":["post-1369","post","type-post","status-publish","format-standard","hentry","category-noticias"],"_links":{"self":[{"href":"https:\/\/aphh.pt\/index.php?rest_route=\/wp\/v2\/posts\/1369","targetHints":{"allow":["GET"]}}],"collection":[{"href":"https:\/\/aphh.pt\/index.php?rest_route=\/wp\/v2\/posts"}],"about":[{"href":"https:\/\/aphh.pt\/index.php?rest_route=\/wp\/v2\/types\/post"}],"author":[{"embeddable":true,"href":"https:\/\/aphh.pt\/index.php?rest_route=\/wp\/v2\/users\/2"}],"replies":[{"embeddable":true,"href":"https:\/\/aphh.pt\/index.php?rest_route=%2Fwp%2Fv2%2Fcomments&post=1369"}],"version-history":[{"count":0,"href":"https:\/\/aphh.pt\/index.php?rest_route=\/wp\/v2\/posts\/1369\/revisions"}],"wp:attachment":[{"href":"https:\/\/aphh.pt\/index.php?rest_route=%2Fwp%2Fv2%2Fmedia&parent=1369"}],"wp:term":[{"taxonomy":"category","embeddable":true,"href":"https:\/\/aphh.pt\/index.php?rest_route=%2Fwp%2Fv2%2Fcategories&post=1369"},{"taxonomy":"post_tag","embeddable":true,"href":"https:\/\/aphh.pt\/index.php?rest_route=%2Fwp%2Fv2%2Ftags&post=1369"}],"curies":[{"name":"wp","href":"https:\/\/api.w.org\/{rel}","templated":true}]}}