{"id":1391,"date":"2016-11-18T10:57:59","date_gmt":"2016-11-18T10:57:59","guid":{"rendered":"http:\/\/www.aphh.pt\/?p=1391"},"modified":"2016-11-18T10:57:59","modified_gmt":"2016-11-18T10:57:59","slug":"dia-europeu-dos-antibioticos-assinala-se-hoje","status":"publish","type":"post","link":"https:\/\/aphh.pt\/?p=1391","title":{"rendered":"Dia Europeu dos Antibi\u00f3ticos assinala-se hoje"},"content":{"rendered":"<p>As proje\u00e7\u00f5es internacionais para 2050 indicam que, se n\u00e3o forem tomadas medidas mais efetivas do que as postas em pr\u00e1tica at\u00e9 ao momento, morrer\u00e3o anualmente cerca de 390 mil pessoas na Europa e 10 milh\u00f5es a n\u00edvel mundial em consequ\u00eancia direta da resist\u00eancia aos antimicrobianos.<br \/>\nNeste contexto, a Dire\u00e7\u00e3o-Geral da Sa\u00fade, atrav\u00e9s do Programa de Preven\u00e7\u00e3o e Controlo de Infe\u00e7\u00f5es e de Resist\u00eancia aos Antimicrobianos (PPCIRA), juntou-se \u00e0 Organiza\u00e7\u00e3o Mundial da Sa\u00fade e ao Centro Europeu de Preven\u00e7\u00e3o e Controlo de Doen\u00e7as com o objetivo de sensibilizar profissionais de sa\u00fade e popula\u00e7\u00e3o em geral para a utiliza\u00e7\u00e3o correta dos antibi\u00f3ticos, contribuindo para a diminui\u00e7\u00e3o da resist\u00eancia das bact\u00e9rias aos antibi\u00f3ticos.<br \/>\nDeste modo, a Semana Mundial (que come\u00e7ou dia 14) e o Dia Europeu dos Antibi\u00f3ticos s\u00e3o tamb\u00e9m assinalados em Portugal atrav\u00e9s de iniciativas destinadas ao p\u00fablico em geral, aos profissionais de sa\u00fade e a estudantes das \u00e1reas da Sa\u00fade, coordenadas pelo Programa de Preven\u00e7\u00e3o e Controlo de Infe\u00e7\u00f5es e de Resist\u00eancias aos Antimicrobianos.<br \/>\nUma dessas iniciativas ser\u00e3o as II Jornadas do PPCIRA, que decorrem a 17 e 18 de novembro em Lisboa. O programa do evento foi organizado para abordar as realidades dos Cuidados Hospitalares, Cuidados de Sa\u00fade Prim\u00e1rios e Unidades da Rede Nacional de Cuidados Continuados (RNCCI).<br \/>\nApesar da evolu\u00e7\u00e3o favor\u00e1vel dos \u00faltimos anos, que coloca Portugal abaixo da m\u00e9dia europeia no que diz respeito ao consumo de antibi\u00f3ticos, a falta de conhecimento persiste, j\u00e1 que Portugal \u00e9 um dos pa\u00edses onde existe um maior desconhecimento sobre a sua a\u00e7\u00e3o 60% dos portugueses pensam que os antibi\u00f3ticos atuam sobre os v\u00edrus e 50% acreditam que servem para tratar constipa\u00e7\u00f5es e gripe. Apenas 20% referem ter recebido informa\u00e7\u00e3o nos \u00faltimos 12 meses sobre este assunto, o que est\u00e1 muito abaixo da m\u00e9dia europeia.<br \/>\nMais informa\u00e7\u00e3o <a href=\"http:\/\/www.dgs.pt\/programa-de-prevencao-e-controlo-de-infecoes-e-de-resistencia-aos-antimicrobianos.aspx\" target=\"_blank\" rel=\"noopener noreferrer\">aqui<\/a>.<\/p>\n","protected":false},"excerpt":{"rendered":"<p>As proje\u00e7\u00f5es internacionais para 2050 indicam que, se n\u00e3o forem tomadas medidas mais efetivas do que as postas em pr\u00e1tica at\u00e9 ao momento, morrer\u00e3o anualmente cerca de 390 mil pessoas na Europa e 10 milh\u00f5es a n\u00edvel mundial em consequ\u00eancia direta da resist\u00eancia aos antimicrobianos. Neste contexto, a Dire\u00e7\u00e3o-Geral da Sa\u00fade, atrav\u00e9s do Programa de [&hellip;]<\/p>\n","protected":false},"author":2,"featured_media":0,"comment_status":"closed","ping_status":"closed","sticky":false,"template":"","format":"standard","meta":{"content-type":"","footnotes":""},"categories":[4],"tags":[],"class_list":["post-1391","post","type-post","status-publish","format-standard","hentry","category-noticias"],"_links":{"self":[{"href":"https:\/\/aphh.pt\/index.php?rest_route=\/wp\/v2\/posts\/1391","targetHints":{"allow":["GET"]}}],"collection":[{"href":"https:\/\/aphh.pt\/index.php?rest_route=\/wp\/v2\/posts"}],"about":[{"href":"https:\/\/aphh.pt\/index.php?rest_route=\/wp\/v2\/types\/post"}],"author":[{"embeddable":true,"href":"https:\/\/aphh.pt\/index.php?rest_route=\/wp\/v2\/users\/2"}],"replies":[{"embeddable":true,"href":"https:\/\/aphh.pt\/index.php?rest_route=%2Fwp%2Fv2%2Fcomments&post=1391"}],"version-history":[{"count":0,"href":"https:\/\/aphh.pt\/index.php?rest_route=\/wp\/v2\/posts\/1391\/revisions"}],"wp:attachment":[{"href":"https:\/\/aphh.pt\/index.php?rest_route=%2Fwp%2Fv2%2Fmedia&parent=1391"}],"wp:term":[{"taxonomy":"category","embeddable":true,"href":"https:\/\/aphh.pt\/index.php?rest_route=%2Fwp%2Fv2%2Fcategories&post=1391"},{"taxonomy":"post_tag","embeddable":true,"href":"https:\/\/aphh.pt\/index.php?rest_route=%2Fwp%2Fv2%2Ftags&post=1391"}],"curies":[{"name":"wp","href":"https:\/\/api.w.org\/{rel}","templated":true}]}}