{"id":1394,"date":"2016-12-02T19:00:31","date_gmt":"2016-12-02T19:00:31","guid":{"rendered":"http:\/\/www.aphh.pt\/?p=1394"},"modified":"2016-12-02T19:00:31","modified_gmt":"2016-12-02T19:00:31","slug":"v-congresso-nacional-de-saude-publica","status":"publish","type":"post","link":"https:\/\/aphh.pt\/?p=1394","title":{"rendered":"V Congresso Nacional de Sa\u00fade P\u00fablica"},"content":{"rendered":"<p>O V Congresso Nacional de Sa\u00fade P\u00fablica realiza-se de 15 a 17 de fevereiro no Porto.<br \/>\nMais informa\u00e7\u00e3o <a href=\"http:\/\/portal.arsnorte.min-saude.pt\/portal\/page\/portal\/ARSNorte\/Conte%C3%BAdos\/Sa%C3%BAde%20P%C3%BAblica%20Conteudos\/V%20Congresso%20Nacional%20de%20Sa%C3%BAde%20P%C3%BAblica\" target=\"_blank\" rel=\"noopener noreferrer\">aqui<\/a>.<\/p>\n","protected":false},"excerpt":{"rendered":"<p>O V Congresso Nacional de Sa\u00fade P\u00fablica realiza-se de 15 a 17 de fevereiro no Porto. Mais informa\u00e7\u00e3o aqui.<\/p>\n","protected":false},"author":2,"featured_media":0,"comment_status":"closed","ping_status":"closed","sticky":false,"template":"","format":"standard","meta":{"content-type":"","footnotes":""},"categories":[5],"tags":[],"class_list":["post-1394","post","type-post","status-publish","format-standard","hentry","category-eventos"],"_links":{"self":[{"href":"https:\/\/aphh.pt\/index.php?rest_route=\/wp\/v2\/posts\/1394","targetHints":{"allow":["GET"]}}],"collection":[{"href":"https:\/\/aphh.pt\/index.php?rest_route=\/wp\/v2\/posts"}],"about":[{"href":"https:\/\/aphh.pt\/index.php?rest_route=\/wp\/v2\/types\/post"}],"author":[{"embeddable":true,"href":"https:\/\/aphh.pt\/index.php?rest_route=\/wp\/v2\/users\/2"}],"replies":[{"embeddable":true,"href":"https:\/\/aphh.pt\/index.php?rest_route=%2Fwp%2Fv2%2Fcomments&post=1394"}],"version-history":[{"count":0,"href":"https:\/\/aphh.pt\/index.php?rest_route=\/wp\/v2\/posts\/1394\/revisions"}],"wp:attachment":[{"href":"https:\/\/aphh.pt\/index.php?rest_route=%2Fwp%2Fv2%2Fmedia&parent=1394"}],"wp:term":[{"taxonomy":"category","embeddable":true,"href":"https:\/\/aphh.pt\/index.php?rest_route=%2Fwp%2Fv2%2Fcategories&post=1394"},{"taxonomy":"post_tag","embeddable":true,"href":"https:\/\/aphh.pt\/index.php?rest_route=%2Fwp%2Fv2%2Ftags&post=1394"}],"curies":[{"name":"wp","href":"https:\/\/api.w.org\/{rel}","templated":true}]}}