{"id":1397,"date":"2016-12-16T12:13:56","date_gmt":"2016-12-16T12:13:56","guid":{"rendered":"http:\/\/www.aphh.pt\/?p=1397"},"modified":"2016-12-16T12:13:56","modified_gmt":"2016-12-16T12:13:56","slug":"hospital-garcia-de-orta-vence-premio-de-boas-praticas-em-saude","status":"publish","type":"post","link":"https:\/\/aphh.pt\/?p=1397","title":{"rendered":"Hospital Garcia de Orta vence Pr\u00e9mio de Boas Pr\u00e1ticas em Sa\u00fade"},"content":{"rendered":"<p>A Unidade de Hospitaliza\u00e7\u00e3o Domicili\u00e1ria do Hospital Garcia de Orta (HGO) venceu a 10\u00aa edi\u00e7\u00e3o do Pr\u00e9mio Boas Pr\u00e1ticas em Sa\u00fade, atribu\u00eddo pela APDH \u2013 Associa\u00e7\u00e3o Portuguesa de Desenvolvimento Hospitalar, em associa\u00e7\u00e3o com a Dire\u00e7\u00e3o-Geral da Sa\u00fade (DGS) e a Administra\u00e7\u00e3o Central do Sistema de Sa\u00fade (ACSS).<br \/>\nO an\u00fancio foi feito a 24 de novembro, durante a sess\u00e3o de abertura do 6\u00ba Congresso dos Hospitais, que teve lugar em Lisboa. Para Joaquim Ferro, presidente do Conselho de Administra\u00e7\u00e3o daquela unidade hospitalar, trata-se de um \u201cpr\u00e9mio merecido, que representa a dedica\u00e7\u00e3o dos profissionais\u201d. O HGO \u00e9 o primeiro hospital a implementar a Unidade de Hospitaliza\u00e7\u00e3o Domicili\u00e1ria (UHD), destinada ao tratamento de doentes agudos e promete partilhar a experi\u00eancia com as restantes unidades, para que possa ser replicada.<br \/>\nO projeto \u201cUso \u00f3timo de sangue\u201d, do Centro Hospitalar de S\u00e3o Jo\u00e3o (Porto) mereceu uma Men\u00e7\u00e3o Honrosa.<br \/>\nNo dom\u00ednio dos posters cient\u00edficos, o trabalho \u201cInqu\u00e9rito Epidemiol\u00f3gico de Admiss\u00e3o \u2013 Avalia\u00e7\u00e3o do Risco Infeccioso na Admiss\u00e3o de Doentes\u201d, criado pelo Hospital Beatriz \u00c2ngelo (Loures), foi o premiado. A Men\u00e7\u00e3o Honrosa foi atribu\u00edda ao poster \u201cO giz da enfermagem\u201d desenvolvido pelo Centro Hospitalar Baixo Vouga.<br \/>\nA distin\u00e7\u00e3o atribu\u00edda em 2006 ao \u201cSistema de Log\u00edstica Interna\u201d do Centro Hospitalar do Porto, ainda em funcionamento, foi relembrada atrav\u00e9s do Pr\u00e9mio Mem\u00f3ria, num ato que serviu tamb\u00e9m para homenagear Fernando Sollari Allegro, ex-presidente do Conselho de Administra\u00e7\u00e3o daquela unidade e recentemente falecido.<\/p>\n","protected":false},"excerpt":{"rendered":"<p>A Unidade de Hospitaliza\u00e7\u00e3o Domicili\u00e1ria do Hospital Garcia de Orta (HGO) venceu a 10\u00aa edi\u00e7\u00e3o do Pr\u00e9mio Boas Pr\u00e1ticas em Sa\u00fade, atribu\u00eddo pela APDH \u2013 Associa\u00e7\u00e3o Portuguesa de Desenvolvimento Hospitalar, em associa\u00e7\u00e3o com a Dire\u00e7\u00e3o-Geral da Sa\u00fade (DGS) e a Administra\u00e7\u00e3o Central do Sistema de Sa\u00fade (ACSS). O an\u00fancio foi feito a 24 de novembro, [&hellip;]<\/p>\n","protected":false},"author":2,"featured_media":0,"comment_status":"closed","ping_status":"closed","sticky":false,"template":"","format":"standard","meta":{"content-type":"","footnotes":""},"categories":[4],"tags":[],"class_list":["post-1397","post","type-post","status-publish","format-standard","hentry","category-noticias"],"_links":{"self":[{"href":"https:\/\/aphh.pt\/index.php?rest_route=\/wp\/v2\/posts\/1397","targetHints":{"allow":["GET"]}}],"collection":[{"href":"https:\/\/aphh.pt\/index.php?rest_route=\/wp\/v2\/posts"}],"about":[{"href":"https:\/\/aphh.pt\/index.php?rest_route=\/wp\/v2\/types\/post"}],"author":[{"embeddable":true,"href":"https:\/\/aphh.pt\/index.php?rest_route=\/wp\/v2\/users\/2"}],"replies":[{"embeddable":true,"href":"https:\/\/aphh.pt\/index.php?rest_route=%2Fwp%2Fv2%2Fcomments&post=1397"}],"version-history":[{"count":0,"href":"https:\/\/aphh.pt\/index.php?rest_route=\/wp\/v2\/posts\/1397\/revisions"}],"wp:attachment":[{"href":"https:\/\/aphh.pt\/index.php?rest_route=%2Fwp%2Fv2%2Fmedia&parent=1397"}],"wp:term":[{"taxonomy":"category","embeddable":true,"href":"https:\/\/aphh.pt\/index.php?rest_route=%2Fwp%2Fv2%2Fcategories&post=1397"},{"taxonomy":"post_tag","embeddable":true,"href":"https:\/\/aphh.pt\/index.php?rest_route=%2Fwp%2Fv2%2Ftags&post=1397"}],"curies":[{"name":"wp","href":"https:\/\/api.w.org\/{rel}","templated":true}]}}