{"id":1403,"date":"2017-01-06T12:16:57","date_gmt":"2017-01-06T12:16:57","guid":{"rendered":"http:\/\/www.aphh.pt\/?p=1403"},"modified":"2017-01-06T12:16:57","modified_gmt":"2017-01-06T12:16:57","slug":"membro-do-comite-das-regioes-da-uniao-europeia-defende-aposta-na-tecnologia-para-promover-envelhecimento-ativo","status":"publish","type":"post","link":"https:\/\/aphh.pt\/?p=1403","title":{"rendered":"Membro do Comit\u00e9 das Regi\u00f5es da Uni\u00e3o Europeia defende aposta na tecnologia para promover envelhecimento ativo"},"content":{"rendered":"<p>Lu\u00eds Gomes, presidente da C\u00e2mara Municipal de Vila Real de Santo Ant\u00f3nio e membro do Comit\u00e9 das Regi\u00f5es da Uni\u00e3o Europeia, defendeu recentemente em Bruxelas defendeu uma aposta mais s\u00f3lida na tecnologia para promover o envelhecimento ativo e a sa\u00fade.<br \/>\nPara Lu\u00eds Gomes, as novas tecnologias constituem uma alternativa \u00e0s repostas tradicionais (nem sempre eficazes) e s\u00e3o uma ferramenta poderosa para promover pol\u00edticas inteligentes de envelhecimento, dando aos utentes a possibilidade de se manterem no seu ambiente habitual, n\u00e3o alterando rotinas de vida.<br \/>\nDando como exemplo a dificuldade de acesso aos cuidados de sa\u00fade em Portugal, por parte das pessoas idosas, o autarca portugu\u00eas considera que as novas tecnologias est\u00e3o j\u00e1 em condi\u00e7\u00f5es de oferecer respostas organizadas e respons\u00e1veis, desde um rastreio de sa\u00fade a uma consulta m\u00e9dica atrav\u00e9s de suportes digitais e tecnol\u00f3gicos.<br \/>\nPara que tal seja uma realidade a curto e m\u00e9dio prazo, o membro portugu\u00eas do Comit\u00e9 das Regi\u00f5es frisa a necessidade de construir redes entre o sector p\u00fablico e privado, criando oportunidades para o aparecimento do empreendedorismo social, ou seja, respostas estruturadas, qualificadas e integradas no \u00e2mbito da economia social\u00bb, defende.<br \/>\n\u00abHoje t\u00eam de ser encontradas, com urg\u00eancia, solu\u00e7\u00f5es, a partir dos recursos tecnol\u00f3gicos existentes, para as pessoas envelhecerem com dignidade e, acima de tudo, sentirem-se \u00fateis\u00bb, remata Lu\u00eds Gomes, que recentemente viu aprovado pela Comiss\u00e3o Europeia um parecer para refor\u00e7ar a Economia Social, setor j\u00e1 respons\u00e1vel por 11 milh\u00f5es de postos de trabalho na Europa, em especial nos territ\u00f3rios rurais ou caracterizados pelo r\u00e1pido envelhecimento da popula\u00e7\u00e3o.<\/p>\n","protected":false},"excerpt":{"rendered":"<p>Lu\u00eds Gomes, presidente da C\u00e2mara Municipal de Vila Real de Santo Ant\u00f3nio e membro do Comit\u00e9 das Regi\u00f5es da Uni\u00e3o Europeia, defendeu recentemente em Bruxelas defendeu uma aposta mais s\u00f3lida na tecnologia para promover o envelhecimento ativo e a sa\u00fade. Para Lu\u00eds Gomes, as novas tecnologias constituem uma alternativa \u00e0s repostas tradicionais (nem sempre eficazes) [&hellip;]<\/p>\n","protected":false},"author":2,"featured_media":0,"comment_status":"closed","ping_status":"closed","sticky":false,"template":"","format":"standard","meta":{"content-type":"","footnotes":""},"categories":[4],"tags":[],"class_list":["post-1403","post","type-post","status-publish","format-standard","hentry","category-noticias"],"_links":{"self":[{"href":"https:\/\/aphh.pt\/index.php?rest_route=\/wp\/v2\/posts\/1403","targetHints":{"allow":["GET"]}}],"collection":[{"href":"https:\/\/aphh.pt\/index.php?rest_route=\/wp\/v2\/posts"}],"about":[{"href":"https:\/\/aphh.pt\/index.php?rest_route=\/wp\/v2\/types\/post"}],"author":[{"embeddable":true,"href":"https:\/\/aphh.pt\/index.php?rest_route=\/wp\/v2\/users\/2"}],"replies":[{"embeddable":true,"href":"https:\/\/aphh.pt\/index.php?rest_route=%2Fwp%2Fv2%2Fcomments&post=1403"}],"version-history":[{"count":0,"href":"https:\/\/aphh.pt\/index.php?rest_route=\/wp\/v2\/posts\/1403\/revisions"}],"wp:attachment":[{"href":"https:\/\/aphh.pt\/index.php?rest_route=%2Fwp%2Fv2%2Fmedia&parent=1403"}],"wp:term":[{"taxonomy":"category","embeddable":true,"href":"https:\/\/aphh.pt\/index.php?rest_route=%2Fwp%2Fv2%2Fcategories&post=1403"},{"taxonomy":"post_tag","embeddable":true,"href":"https:\/\/aphh.pt\/index.php?rest_route=%2Fwp%2Fv2%2Ftags&post=1403"}],"curies":[{"name":"wp","href":"https:\/\/api.w.org\/{rel}","templated":true}]}}