{"id":1415,"date":"2017-02-10T13:37:28","date_gmt":"2017-02-10T13:37:28","guid":{"rendered":"http:\/\/www.aphh.pt\/?p=1415"},"modified":"2017-02-10T13:37:28","modified_gmt":"2017-02-10T13:37:28","slug":"associacao-portuguesa-de-hospitalizacao-privada-passa-a-integrar-a-cip","status":"publish","type":"post","link":"https:\/\/aphh.pt\/?p=1415","title":{"rendered":"Associa\u00e7\u00e3o Portuguesa de Hospitaliza\u00e7\u00e3o Privada passa a integrar a CIP"},"content":{"rendered":"<p>A Associa\u00e7\u00e3o Portuguesa de Hospitaliza\u00e7\u00e3o Privada aderiu \u00e0 Confedera\u00e7\u00e3o da Ind\u00fastria Portuguesa (CIP) em dezembro, com o objetivo de &#8220;refor\u00e7ar a capacidade de interven\u00e7\u00e3o no debate sobre as condi\u00e7\u00f5es de desenvolvimento e de investimento das empresas&#8221;, l\u00ea-se num comunicado difundido pela associa\u00e7\u00e3o. A APHP cr\u00ea que a sua aproxima\u00e7\u00e3o a um parceiro social v\u00e1 permitir que as suas posi\u00e7\u00f5es possam ser assumidas e amplificadas ao mais alto n\u00edvel de decis\u00e3o.<br \/>\nNa sequ\u00eancia desta ades\u00e3o, o Presidente da Dire\u00e7\u00e3o da APHP, \u00d3scar Gaspar, foi eleito membro da dire\u00e7\u00e3o da CIP e vice-presidente do Conselho Geral daquela confedera\u00e7\u00e3o patronal.<br \/>\nSegundo \u00d3scar Gaspar, que j\u00e1 integrava o Conselho Estrat\u00e9gico Nacional da Sa\u00fade da CIP, a presen\u00e7a da APHP nos \u00f3rg\u00e3os sociais da CIP representa o reconhecimento da dimens\u00e3o e din\u00e2mica da hospitaliza\u00e7\u00e3o privada em Portugal e deve ser um contributo para afirmar ainda mais a sua import\u00e2ncia na atividade econ\u00f3mica do pa\u00eds e na oferta de cuidados de sa\u00fade de qualidade aos portugueses.<\/p>\n","protected":false},"excerpt":{"rendered":"<p>A Associa\u00e7\u00e3o Portuguesa de Hospitaliza\u00e7\u00e3o Privada aderiu \u00e0 Confedera\u00e7\u00e3o da Ind\u00fastria Portuguesa (CIP) em dezembro, com o objetivo de &#8220;refor\u00e7ar a capacidade de interven\u00e7\u00e3o no debate sobre as condi\u00e7\u00f5es de desenvolvimento e de investimento das empresas&#8221;, l\u00ea-se num comunicado difundido pela associa\u00e7\u00e3o. A APHP cr\u00ea que a sua aproxima\u00e7\u00e3o a um parceiro social v\u00e1 permitir [&hellip;]<\/p>\n","protected":false},"author":2,"featured_media":0,"comment_status":"closed","ping_status":"closed","sticky":false,"template":"","format":"standard","meta":{"content-type":"","footnotes":""},"categories":[4],"tags":[],"class_list":["post-1415","post","type-post","status-publish","format-standard","hentry","category-noticias"],"_links":{"self":[{"href":"https:\/\/aphh.pt\/index.php?rest_route=\/wp\/v2\/posts\/1415","targetHints":{"allow":["GET"]}}],"collection":[{"href":"https:\/\/aphh.pt\/index.php?rest_route=\/wp\/v2\/posts"}],"about":[{"href":"https:\/\/aphh.pt\/index.php?rest_route=\/wp\/v2\/types\/post"}],"author":[{"embeddable":true,"href":"https:\/\/aphh.pt\/index.php?rest_route=\/wp\/v2\/users\/2"}],"replies":[{"embeddable":true,"href":"https:\/\/aphh.pt\/index.php?rest_route=%2Fwp%2Fv2%2Fcomments&post=1415"}],"version-history":[{"count":0,"href":"https:\/\/aphh.pt\/index.php?rest_route=\/wp\/v2\/posts\/1415\/revisions"}],"wp:attachment":[{"href":"https:\/\/aphh.pt\/index.php?rest_route=%2Fwp%2Fv2%2Fmedia&parent=1415"}],"wp:term":[{"taxonomy":"category","embeddable":true,"href":"https:\/\/aphh.pt\/index.php?rest_route=%2Fwp%2Fv2%2Fcategories&post=1415"},{"taxonomy":"post_tag","embeddable":true,"href":"https:\/\/aphh.pt\/index.php?rest_route=%2Fwp%2Fv2%2Ftags&post=1415"}],"curies":[{"name":"wp","href":"https:\/\/api.w.org\/{rel}","templated":true}]}}