{"id":1421,"date":"2017-02-24T12:22:21","date_gmt":"2017-02-24T12:22:21","guid":{"rendered":"http:\/\/www.aphh.pt\/?p=1421"},"modified":"2017-02-24T12:22:21","modified_gmt":"2017-02-24T12:22:21","slug":"rita-perez-fernandez-da-silva-e-a-nova-presidente-do-conselho-de-administracao-do-chlo","status":"publish","type":"post","link":"https:\/\/aphh.pt\/?p=1421","title":{"rendered":"Rita Perez Fernandez da Silva \u00e9 a nova presidente do Conselho de Administra\u00e7\u00e3o do CHLO"},"content":{"rendered":"<p>A Resolu\u00e7\u00e3o do Conselho de Ministros n\u00ba 31\/2017, de 22 de fevereiro, nomeou a nova equipa de administra\u00e7\u00e3o do Centro Hospitalar de Lisboa Ocidental (CHLO).<br \/>\nA nova administra\u00e7\u00e3o \u00e9 presidida por Rita Perez Fernandez da Silva, que chefiou o Servi\u00e7o de Anestesiologia do Hospital S\u00e3o Francisco Xavier e era, desde janeiro de 2014, diretora cl\u00ednica do CHLO.<br \/>\nA equipa \u00e9 ainda composta por Jos\u00e9 Manuel Fernandes Correia, vogal executivo com fun\u00e7\u00f5es de diretor cl\u00ednico, Maria Celeste Malveiro Serra Sim-Sim dos Anjos Silva e Carlos Manuel Mangas Catarino Galamba de Oliveira, ambos vogais executivos, e Fernanda Maria Rosa, vogal executiva com fun\u00e7\u00f5es de enfermeira diretora do CHLO.<br \/>\nA equipa anterior havia cessado o seu mandato a 31 de dezembro.<\/p>\n","protected":false},"excerpt":{"rendered":"<p>A Resolu\u00e7\u00e3o do Conselho de Ministros n\u00ba 31\/2017, de 22 de fevereiro, nomeou a nova equipa de administra\u00e7\u00e3o do Centro Hospitalar de Lisboa Ocidental (CHLO). A nova administra\u00e7\u00e3o \u00e9 presidida por Rita Perez Fernandez da Silva, que chefiou o Servi\u00e7o de Anestesiologia do Hospital S\u00e3o Francisco Xavier e era, desde janeiro de 2014, diretora cl\u00ednica [&hellip;]<\/p>\n","protected":false},"author":2,"featured_media":0,"comment_status":"closed","ping_status":"closed","sticky":false,"template":"","format":"standard","meta":{"content-type":"","footnotes":""},"categories":[4],"tags":[],"class_list":["post-1421","post","type-post","status-publish","format-standard","hentry","category-noticias"],"_links":{"self":[{"href":"https:\/\/aphh.pt\/index.php?rest_route=\/wp\/v2\/posts\/1421","targetHints":{"allow":["GET"]}}],"collection":[{"href":"https:\/\/aphh.pt\/index.php?rest_route=\/wp\/v2\/posts"}],"about":[{"href":"https:\/\/aphh.pt\/index.php?rest_route=\/wp\/v2\/types\/post"}],"author":[{"embeddable":true,"href":"https:\/\/aphh.pt\/index.php?rest_route=\/wp\/v2\/users\/2"}],"replies":[{"embeddable":true,"href":"https:\/\/aphh.pt\/index.php?rest_route=%2Fwp%2Fv2%2Fcomments&post=1421"}],"version-history":[{"count":0,"href":"https:\/\/aphh.pt\/index.php?rest_route=\/wp\/v2\/posts\/1421\/revisions"}],"wp:attachment":[{"href":"https:\/\/aphh.pt\/index.php?rest_route=%2Fwp%2Fv2%2Fmedia&parent=1421"}],"wp:term":[{"taxonomy":"category","embeddable":true,"href":"https:\/\/aphh.pt\/index.php?rest_route=%2Fwp%2Fv2%2Fcategories&post=1421"},{"taxonomy":"post_tag","embeddable":true,"href":"https:\/\/aphh.pt\/index.php?rest_route=%2Fwp%2Fv2%2Ftags&post=1421"}],"curies":[{"name":"wp","href":"https:\/\/api.w.org\/{rel}","templated":true}]}}