{"id":1429,"date":"2017-03-24T11:53:58","date_gmt":"2017-03-24T11:53:58","guid":{"rendered":"http:\/\/www.aphh.pt\/?p=1429"},"modified":"2017-03-24T11:53:58","modified_gmt":"2017-03-24T11:53:58","slug":"vii-jornadas-de-ciencias-da-nutricao-da-cespu","status":"publish","type":"post","link":"https:\/\/aphh.pt\/?p=1429","title":{"rendered":"VII Jornadas de Ci\u00eancias da Nutri\u00e7\u00e3o da Cespu"},"content":{"rendered":"<p>As Jornadas de Nutri\u00e7\u00e3o decorrer\u00e3o no dia 31 de mar\u00e7o de 2017 no Centro de Congressos da Alf\u00e2ndega do Porto, juntamente com as Jornadas Cient\u00edficas de Ci\u00eancias do Instituto Universit\u00e1rio de Ci\u00eancias da Sa\u00fade (IUCS-CESPU) a decorrerem nos dias 30 e 31 de mar\u00e7o de 2017.<br \/>\nFoi selecionado o tema \u201cAlergias e Intoler\u00e2ncias Alimentares: mitos e desafios\u201d por se considerar da maior relev\u00e2ncia e por se tratar de uma tem\u00e1tica impactante e agregadora que marca a atualidade da \u00e1rea da Nutri\u00e7\u00e3o e da Alimenta\u00e7\u00e3o. Pretende-se que este evento constitua um espa\u00e7o de aproxima\u00e7\u00e3o entre os estudantes e os diferentes profissionais da \u00e1rea da sa\u00fade, nomeadamente os Nutricionistas, promovendo-se o debate e a partilha de diferentes saberes e experi\u00eancias sobre os \u201cnovos\u201d desafios que a tem\u00e1tica exige, num contexto de constante evolu\u00e7\u00e3o, n\u00e3o s\u00f3 do conhecimento como tamb\u00e9m da oferta alimentar e literacia da popula\u00e7\u00e3o.<br \/>\nMais informa\u00e7\u00e3o: <a href=\"https:\/\/ciencias.iscsn.cespu.pt\/eventos\/2017\/nutricao-2017\/543-apresentacao-evento.html\">https:\/\/ciencias.iscsn.cespu.pt\/eventos\/2017\/nutricao-2017\/543-apresentacao-evento.html<\/a><\/p>\n","protected":false},"excerpt":{"rendered":"<p>As Jornadas de Nutri\u00e7\u00e3o decorrer\u00e3o no dia 31 de mar\u00e7o de 2017 no Centro de Congressos da Alf\u00e2ndega do Porto, juntamente com as Jornadas Cient\u00edficas de Ci\u00eancias do Instituto Universit\u00e1rio de Ci\u00eancias da Sa\u00fade (IUCS-CESPU) a decorrerem nos dias 30 e 31 de mar\u00e7o de 2017. Foi selecionado o tema \u201cAlergias e Intoler\u00e2ncias Alimentares: mitos [&hellip;]<\/p>\n","protected":false},"author":2,"featured_media":0,"comment_status":"closed","ping_status":"closed","sticky":false,"template":"","format":"standard","meta":{"content-type":"","footnotes":""},"categories":[5],"tags":[],"class_list":["post-1429","post","type-post","status-publish","format-standard","hentry","category-eventos"],"_links":{"self":[{"href":"https:\/\/aphh.pt\/index.php?rest_route=\/wp\/v2\/posts\/1429","targetHints":{"allow":["GET"]}}],"collection":[{"href":"https:\/\/aphh.pt\/index.php?rest_route=\/wp\/v2\/posts"}],"about":[{"href":"https:\/\/aphh.pt\/index.php?rest_route=\/wp\/v2\/types\/post"}],"author":[{"embeddable":true,"href":"https:\/\/aphh.pt\/index.php?rest_route=\/wp\/v2\/users\/2"}],"replies":[{"embeddable":true,"href":"https:\/\/aphh.pt\/index.php?rest_route=%2Fwp%2Fv2%2Fcomments&post=1429"}],"version-history":[{"count":0,"href":"https:\/\/aphh.pt\/index.php?rest_route=\/wp\/v2\/posts\/1429\/revisions"}],"wp:attachment":[{"href":"https:\/\/aphh.pt\/index.php?rest_route=%2Fwp%2Fv2%2Fmedia&parent=1429"}],"wp:term":[{"taxonomy":"category","embeddable":true,"href":"https:\/\/aphh.pt\/index.php?rest_route=%2Fwp%2Fv2%2Fcategories&post=1429"},{"taxonomy":"post_tag","embeddable":true,"href":"https:\/\/aphh.pt\/index.php?rest_route=%2Fwp%2Fv2%2Ftags&post=1429"}],"curies":[{"name":"wp","href":"https:\/\/api.w.org\/{rel}","templated":true}]}}