{"id":1441,"date":"2017-04-28T12:05:37","date_gmt":"2017-04-28T12:05:37","guid":{"rendered":"http:\/\/www.aphh.pt\/?p=1441"},"modified":"2017-04-28T12:05:37","modified_gmt":"2017-04-28T12:05:37","slug":"a-economia-circular-em-discussao-nas-jornadas-da-aphh-25-e-26-de-maio","status":"publish","type":"post","link":"https:\/\/aphh.pt\/?p=1441","title":{"rendered":"A economia circular em discuss\u00e3o nas jornadas da APHH \u2013 25 e 26 de maio"},"content":{"rendered":"<p>A Associa\u00e7\u00e3o Portuguesa de Hotelaria Hospitalar realiza as suas jornadas a 25 e 26 de maio, no Hospital Pedi\u00e1trico do Centro Hospitalar e Universit\u00e1rio de Coimbra.<br \/>\nEste ano, tamb\u00e9m a <strong>economia circular<\/strong> \u2013 em contexto hospitalar &#8211; estar\u00e1 em debate. Debater-se-\u00e1 o modo como os materiais, atrav\u00e9s da reutiliza\u00e7\u00e3o, recupera\u00e7\u00e3o e reciclagem, voltam a entrar no circuito produtivo. Ser\u00e3o discutidos modelos de ecoinova\u00e7\u00e3o e ecodesign, utiliza\u00e7\u00e3o de produtos naturais e redu\u00e7\u00e3o de custos e fatores estrat\u00e9gicos a considerar na circularidade.<br \/>\nSer\u00e3o tamb\u00e9m abordadas as diferen\u00e7as entre hot\u00e9is e hospitais, no sentido de encontrar pontos comuns quando se pernoita fora da resid\u00eancia, seja por motivos de sa\u00fade ou de lazer. A abordar estes temas estar\u00e3o Associa\u00e7\u00e3o Portuguesa de Diretores de Hot\u00e9is e a Diretora do Servi\u00e7o de Gest\u00e3o Hoteleira do CHUC.<br \/>\nOs <strong>desafios da seguran\u00e7a alimentar e nutricional<\/strong> estar\u00e3o tamb\u00e9m em cima da mesa, atrav\u00e9s da an\u00e1lise das cl\u00e1usulas t\u00e9cnicas inclu\u00eddas nos cadernos de encargos, bem como da sua import\u00e2ncia no balizamento das presta\u00e7\u00f5es de servi\u00e7os de alimenta\u00e7\u00e3o.<br \/>\nA <strong>efic\u00e1cia dos m\u00e9todos de elimina\u00e7\u00e3o de microrganismos<\/strong> ser\u00e1 alvo de uma interven\u00e7\u00e3o por parte de um representante da Coordena\u00e7\u00e3o Nacional do Plano de Preven\u00e7\u00e3o e Controlo de Infe\u00e7\u00f5es e de Resist\u00eancia aos Antimicrobianos (PPCIRA). Neste contexto, ser\u00e1 apresentada a nova norma de Descontamina\u00e7\u00e3o do Ambiente das Unidades de Sa\u00fade.<br \/>\nAs jornadas servir\u00e3o ainda de mote para um balan\u00e7o do <strong>plano estrat\u00e9gico de res\u00edduos hospitalares 2011-2016<\/strong>, com a presen\u00e7a da Dire\u00e7\u00e3o Geral da Sa\u00fade, Ag\u00eancia Portuguesa do Ambiente, Dire\u00e7\u00e3o Geral de Alimenta\u00e7\u00e3o e Veterin\u00e1ria e IGAMAOT.<br \/>\nConsulte o programa: <a href=\"http:\/\/www.admedic.pt\/uploads\/Programa_vi-jornadas-da-associacao-portuguesa-de-hotelaria-hospitalar-aphh.pdf\">http:\/\/www.admedic.pt\/uploads\/Programa_vi-jornadas-da-associacao-portuguesa-de-hotelaria-hospitalar-aphh.pdf<\/a><\/p>\n","protected":false},"excerpt":{"rendered":"<p>A Associa\u00e7\u00e3o Portuguesa de Hotelaria Hospitalar realiza as suas jornadas a 25 e 26 de maio, no Hospital Pedi\u00e1trico do Centro Hospitalar e Universit\u00e1rio de Coimbra. Este ano, tamb\u00e9m a economia circular \u2013 em contexto hospitalar &#8211; estar\u00e1 em debate. Debater-se-\u00e1 o modo como os materiais, atrav\u00e9s da reutiliza\u00e7\u00e3o, recupera\u00e7\u00e3o e reciclagem, voltam a entrar [&hellip;]<\/p>\n","protected":false},"author":2,"featured_media":0,"comment_status":"closed","ping_status":"closed","sticky":false,"template":"","format":"standard","meta":{"content-type":"","footnotes":""},"categories":[5,4],"tags":[],"class_list":["post-1441","post","type-post","status-publish","format-standard","hentry","category-eventos","category-noticias"],"_links":{"self":[{"href":"https:\/\/aphh.pt\/index.php?rest_route=\/wp\/v2\/posts\/1441","targetHints":{"allow":["GET"]}}],"collection":[{"href":"https:\/\/aphh.pt\/index.php?rest_route=\/wp\/v2\/posts"}],"about":[{"href":"https:\/\/aphh.pt\/index.php?rest_route=\/wp\/v2\/types\/post"}],"author":[{"embeddable":true,"href":"https:\/\/aphh.pt\/index.php?rest_route=\/wp\/v2\/users\/2"}],"replies":[{"embeddable":true,"href":"https:\/\/aphh.pt\/index.php?rest_route=%2Fwp%2Fv2%2Fcomments&post=1441"}],"version-history":[{"count":0,"href":"https:\/\/aphh.pt\/index.php?rest_route=\/wp\/v2\/posts\/1441\/revisions"}],"wp:attachment":[{"href":"https:\/\/aphh.pt\/index.php?rest_route=%2Fwp%2Fv2%2Fmedia&parent=1441"}],"wp:term":[{"taxonomy":"category","embeddable":true,"href":"https:\/\/aphh.pt\/index.php?rest_route=%2Fwp%2Fv2%2Fcategories&post=1441"},{"taxonomy":"post_tag","embeddable":true,"href":"https:\/\/aphh.pt\/index.php?rest_route=%2Fwp%2Fv2%2Ftags&post=1441"}],"curies":[{"name":"wp","href":"https:\/\/api.w.org\/{rel}","templated":true}]}}