{"id":1464,"date":"2017-06-23T10:42:36","date_gmt":"2017-06-23T10:42:36","guid":{"rendered":"https:\/\/www.aphh.pt\/?p=1464"},"modified":"2017-06-23T10:42:36","modified_gmt":"2017-06-23T10:42:36","slug":"fernando-regateiro-lidera-conselho-de-administracao-do-chuc","status":"publish","type":"post","link":"https:\/\/aphh.pt\/?p=1464","title":{"rendered":"Fernando Regateiro lidera Conselho de Administra\u00e7\u00e3o do CHUC"},"content":{"rendered":"<p>Fernando de Jesus Regateiro \u00e9 o novo presidente do Conselho de Administra\u00e7\u00e3o do Centro Hospitalar e Universit\u00e1rio de Coimbra (CHUC), sucedendo a Jos\u00e9 Martins Nunes.<br \/>\nFernando de Jesus Regateiro \u00e9 diretor do Servi\u00e7o de Gen\u00e9tica e membro do Conselho Cient\u00edfico da FMUC. \u00c9 tamb\u00e9m autor do livro \u00abManual de Gen\u00e9tica M\u00e9dica\u00bb, autor ou coautor de mais 15 livros e autor ou coautor de mais de 200 trabalhos. Na Universidade de Coimbra foi Pr\u00f3-Reitor e membro do Conselho Cient\u00edfico-Cultural, da Assembleia de Representantes da Universidade e do Conselho Social da Universidade.<br \/>\nA nomea\u00e7\u00e3o foi feita atrav\u00e9s da Resolu\u00e7\u00e3o do Conselho de Ministros n\u00ba 86\/2017, publicada a 19 de junho mas j\u00e1 produz efeitos desde 15 de maio. Da equipa fazem ainda parte Francisco Jos\u00e9 Pedrosa Parente dos Santos (vogal executivo com fun\u00e7\u00f5es de diretor cl\u00ednico), Pedro Nuno Figueiredo dos Santos Beja Afonso (vogal executivo), Manuela Fernanda da Mota Pinto (vogal executiva) e \u00c1urea da Cruz Flamino Andrade (vogal executiva com fun\u00e7\u00f5es de enfermeira diretora).<br \/>\nA Resolu\u00e7\u00e3o autoriza tamb\u00e9m os nomeados Fernando de Jesus Regateiro, Francisco Jos\u00e9 Pedrosa Parente dos Santos, Pedro Nuno Figueiredo dos Santos Beja Afonso e Manuela Fernanda da Mota Pinto a exercer atividade de doc\u00eancia em estabelecimentos de ensino superior p\u00fablico ou de interesse p\u00fablico.<br \/>\nConsulte o documento: <a href=\"https:\/\/dre.pt\/application\/file\/a\/107515164\">https:\/\/dre.pt\/application\/file\/a\/107515164<\/a><\/p>\n","protected":false},"excerpt":{"rendered":"<p>Fernando de Jesus Regateiro \u00e9 o novo presidente do Conselho de Administra\u00e7\u00e3o do Centro Hospitalar e Universit\u00e1rio de Coimbra (CHUC), sucedendo a Jos\u00e9 Martins Nunes. Fernando de Jesus Regateiro \u00e9 diretor do Servi\u00e7o de Gen\u00e9tica e membro do Conselho Cient\u00edfico da FMUC. \u00c9 tamb\u00e9m autor do livro \u00abManual de Gen\u00e9tica M\u00e9dica\u00bb, autor ou coautor de [&hellip;]<\/p>\n","protected":false},"author":2,"featured_media":0,"comment_status":"closed","ping_status":"closed","sticky":false,"template":"","format":"standard","meta":{"content-type":"","footnotes":""},"categories":[4],"tags":[],"class_list":["post-1464","post","type-post","status-publish","format-standard","hentry","category-noticias"],"_links":{"self":[{"href":"https:\/\/aphh.pt\/index.php?rest_route=\/wp\/v2\/posts\/1464","targetHints":{"allow":["GET"]}}],"collection":[{"href":"https:\/\/aphh.pt\/index.php?rest_route=\/wp\/v2\/posts"}],"about":[{"href":"https:\/\/aphh.pt\/index.php?rest_route=\/wp\/v2\/types\/post"}],"author":[{"embeddable":true,"href":"https:\/\/aphh.pt\/index.php?rest_route=\/wp\/v2\/users\/2"}],"replies":[{"embeddable":true,"href":"https:\/\/aphh.pt\/index.php?rest_route=%2Fwp%2Fv2%2Fcomments&post=1464"}],"version-history":[{"count":0,"href":"https:\/\/aphh.pt\/index.php?rest_route=\/wp\/v2\/posts\/1464\/revisions"}],"wp:attachment":[{"href":"https:\/\/aphh.pt\/index.php?rest_route=%2Fwp%2Fv2%2Fmedia&parent=1464"}],"wp:term":[{"taxonomy":"category","embeddable":true,"href":"https:\/\/aphh.pt\/index.php?rest_route=%2Fwp%2Fv2%2Fcategories&post=1464"},{"taxonomy":"post_tag","embeddable":true,"href":"https:\/\/aphh.pt\/index.php?rest_route=%2Fwp%2Fv2%2Ftags&post=1464"}],"curies":[{"name":"wp","href":"https:\/\/api.w.org\/{rel}","templated":true}]}}