{"id":1476,"date":"2017-07-24T08:17:31","date_gmt":"2017-07-24T08:17:31","guid":{"rendered":"https:\/\/www.aphh.pt\/?p=1476"},"modified":"2017-07-24T08:17:31","modified_gmt":"2017-07-24T08:17:31","slug":"formacao-em-facility-management-inscricoes-ate-31-de-julho","status":"publish","type":"post","link":"https:\/\/aphh.pt\/?p=1476","title":{"rendered":"Forma\u00e7\u00e3o em Facility Management: inscri\u00e7\u00f5es at\u00e9 31 de julho"},"content":{"rendered":"<p>A Associa\u00e7\u00e3o Portuguesa de Facility Management (APFM) est\u00e1 a promover um curso profissional na \u00e1rea, que dar\u00e1 acesso \u00e0 Certifica\u00e7\u00e3o de profissional em Facility Management. As inscri\u00e7\u00f5es devem ser feitas at\u00e9 31 de julho.<br \/>\nNo \u00e2mbito da AcademiaFM, a APFM desenvolve forma\u00e7\u00f5es de car\u00e1ter te\u00f3rico e pr\u00e1tico com o objetivo de dotar os profissionais das compet\u00eancias necess\u00e1rias ao desenvolvimento das suas fun\u00e7\u00f5es, independentemente da forma\u00e7\u00e3o acad\u00e9mica a montante.<br \/>\nEstas compet\u00eancias s\u00e3o definidas com base em enquadramentos europeus e internacionais e s\u00e3o atualizadas anualmente, de modo a assegurar o alinhamento dos conte\u00fados com os desafios colocados aos profissionais.<br \/>\nA APFM \u00e9 o Organismo Gestor de Comiss\u00e3o T\u00e9cnica indicado pelo Instituto Portug\u00eas da Qualidade (IPQ) para as normas do Facility Management &#8211; EN15221 e ISO41000. A associa\u00e7\u00e3o lidera tamb\u00e9m o trabalho que vai servir de base \u00e0 norma relacionada com as fun\u00e7\u00f5es e compet\u00eancias do Profissional de Facility Management, para al\u00e9m de ser membro da Rede Europeia para o Facility Management, EuroFM.<br \/>\nMais informa\u00e7\u00e3o: <a href=\"http:\/\/apfm.pt\/\">http:\/\/apfm.pt\/<\/a><\/p>\n","protected":false},"excerpt":{"rendered":"<p>A Associa\u00e7\u00e3o Portuguesa de Facility Management (APFM) est\u00e1 a promover um curso profissional na \u00e1rea, que dar\u00e1 acesso \u00e0 Certifica\u00e7\u00e3o de profissional em Facility Management. As inscri\u00e7\u00f5es devem ser feitas at\u00e9 31 de julho. No \u00e2mbito da AcademiaFM, a APFM desenvolve forma\u00e7\u00f5es de car\u00e1ter te\u00f3rico e pr\u00e1tico com o objetivo de dotar os profissionais das [&hellip;]<\/p>\n","protected":false},"author":2,"featured_media":0,"comment_status":"closed","ping_status":"closed","sticky":false,"template":"","format":"standard","meta":{"content-type":"","footnotes":""},"categories":[4],"tags":[],"class_list":["post-1476","post","type-post","status-publish","format-standard","hentry","category-noticias"],"_links":{"self":[{"href":"https:\/\/aphh.pt\/index.php?rest_route=\/wp\/v2\/posts\/1476","targetHints":{"allow":["GET"]}}],"collection":[{"href":"https:\/\/aphh.pt\/index.php?rest_route=\/wp\/v2\/posts"}],"about":[{"href":"https:\/\/aphh.pt\/index.php?rest_route=\/wp\/v2\/types\/post"}],"author":[{"embeddable":true,"href":"https:\/\/aphh.pt\/index.php?rest_route=\/wp\/v2\/users\/2"}],"replies":[{"embeddable":true,"href":"https:\/\/aphh.pt\/index.php?rest_route=%2Fwp%2Fv2%2Fcomments&post=1476"}],"version-history":[{"count":0,"href":"https:\/\/aphh.pt\/index.php?rest_route=\/wp\/v2\/posts\/1476\/revisions"}],"wp:attachment":[{"href":"https:\/\/aphh.pt\/index.php?rest_route=%2Fwp%2Fv2%2Fmedia&parent=1476"}],"wp:term":[{"taxonomy":"category","embeddable":true,"href":"https:\/\/aphh.pt\/index.php?rest_route=%2Fwp%2Fv2%2Fcategories&post=1476"},{"taxonomy":"post_tag","embeddable":true,"href":"https:\/\/aphh.pt\/index.php?rest_route=%2Fwp%2Fv2%2Ftags&post=1476"}],"curies":[{"name":"wp","href":"https:\/\/api.w.org\/{rel}","templated":true}]}}