{"id":1684,"date":"2019-04-18T17:17:08","date_gmt":"2019-04-18T17:17:08","guid":{"rendered":"https:\/\/www.aphh.pt\/?p=1684"},"modified":"2019-04-18T17:17:08","modified_gmt":"2019-04-18T17:17:08","slug":"estado-nutricional-dos-doentes-internados-passa-a-ser-avaliado-nos-hospitais","status":"publish","type":"post","link":"https:\/\/aphh.pt\/?p=1684","title":{"rendered":"Estado nutricional dos doentes internados passa a ser avaliado nos hospitais"},"content":{"rendered":"\n<p>Os hospitais portugueses iniciaram este m\u00eas a avalia\u00e7\u00e3o ao estado\nnutricional dos doentes. A identifica\u00e7\u00e3o do risco nutricional vai\navan\u00e7ar com duas experi\u00eancias-piloto, na Unidade Local de Sa\u00fade do Alto\nMinho e no Centro Hospitalar de Lisboa Central, sendo expect\u00e1vel o\nalargamento a todos os hospitais a partir do segundo semestre deste ano.<\/p>\n\n\n<p>Em comunicado, o Minist\u00e9rio da Sa\u00fade refere ainda que esta medida,\nque tem potencial para envolver cerca de&nbsp;800 mil doentes por ano, \u00e9 um\npasso essencial na implementa\u00e7\u00e3o de uma estrat\u00e9gia de combate \u00e0\ndesnutri\u00e7\u00e3o hospitalar, promovendo a recupera\u00e7\u00e3o dos doentes e o aumento\n da qualidade de vida, tal como o despacho 6634\/2018 determina.<\/p>\n\n\n<p>A preval\u00eancia da desnutri\u00e7\u00e3o em doentes internados estima-se entre\n20% e 50%, sendo por isso necess\u00e1rio identificar o estado nutricional\ndos doentes e promover o suporte nutricional adequado \u00e0 sua recupera\u00e7\u00e3o.<\/p>\n\n\n<p>A implementa\u00e7\u00e3o de uma identifica\u00e7\u00e3o precoce do risco nutricional ir\u00e1\n trazer ganhos em termos de qualidade de vida e na recupera\u00e7\u00e3o do estado\n de sa\u00fade, podendo ainda contribuir para reduzir \u00falceras de press\u00e3o e\nreduzir custos, uma vez que a desnutri\u00e7\u00e3o est\u00e1 associada a internamentos\n longos, afetando sobretudo cidad\u00e3os mais idosos.<\/p>\n\n\n<p>Este desenvolvimento foi analisado numa reuni\u00e3o que decorreu a 28 de\nmar\u00e7o no Minist\u00e9rio da Sa\u00fade, liderada pela Secret\u00e1ria de Estado da\nSa\u00fade, Raquel Duarte, e em que estiveram presentes representantes da\nOrdem dos Nutricionistas, entre eles a Baston\u00e1ria Alexandra Bento, da\nDire\u00e7\u00e3o-Geral da Sa\u00fade, atrav\u00e9s da Diretora do Programa Nacional para\nAlimenta\u00e7\u00e3o Saud\u00e1vel, Maria Jo\u00e3o Greg\u00f3rio, e dos Servi\u00e7os Partilhados do\n Minist\u00e9rio da Sa\u00fade.<\/p>\n","protected":false},"excerpt":{"rendered":"<p>Os hospitais portugueses iniciaram este m\u00eas a avalia\u00e7\u00e3o ao estado nutricional dos doentes. A identifica\u00e7\u00e3o do risco nutricional vai avan\u00e7ar com duas experi\u00eancias-piloto, na Unidade Local de Sa\u00fade do Alto Minho e no Centro Hospitalar de Lisboa Central, sendo expect\u00e1vel o alargamento a todos os hospitais a partir do segundo semestre deste ano. Em comunicado, [&hellip;]<\/p>\n","protected":false},"author":2,"featured_media":0,"comment_status":"closed","ping_status":"closed","sticky":false,"template":"","format":"standard","meta":{"content-type":"","footnotes":""},"categories":[4],"tags":[],"class_list":["post-1684","post","type-post","status-publish","format-standard","hentry","category-noticias"],"_links":{"self":[{"href":"https:\/\/aphh.pt\/index.php?rest_route=\/wp\/v2\/posts\/1684","targetHints":{"allow":["GET"]}}],"collection":[{"href":"https:\/\/aphh.pt\/index.php?rest_route=\/wp\/v2\/posts"}],"about":[{"href":"https:\/\/aphh.pt\/index.php?rest_route=\/wp\/v2\/types\/post"}],"author":[{"embeddable":true,"href":"https:\/\/aphh.pt\/index.php?rest_route=\/wp\/v2\/users\/2"}],"replies":[{"embeddable":true,"href":"https:\/\/aphh.pt\/index.php?rest_route=%2Fwp%2Fv2%2Fcomments&post=1684"}],"version-history":[{"count":0,"href":"https:\/\/aphh.pt\/index.php?rest_route=\/wp\/v2\/posts\/1684\/revisions"}],"wp:attachment":[{"href":"https:\/\/aphh.pt\/index.php?rest_route=%2Fwp%2Fv2%2Fmedia&parent=1684"}],"wp:term":[{"taxonomy":"category","embeddable":true,"href":"https:\/\/aphh.pt\/index.php?rest_route=%2Fwp%2Fv2%2Fcategories&post=1684"},{"taxonomy":"post_tag","embeddable":true,"href":"https:\/\/aphh.pt\/index.php?rest_route=%2Fwp%2Fv2%2Ftags&post=1684"}],"curies":[{"name":"wp","href":"https:\/\/api.w.org\/{rel}","templated":true}]}}