{"id":1688,"date":"2019-05-03T10:09:16","date_gmt":"2019-05-03T10:09:16","guid":{"rendered":"https:\/\/www.aphh.pt\/?p=1688"},"modified":"2019-05-03T10:09:16","modified_gmt":"2019-05-03T10:09:16","slug":"higiene-em-hospitais-berlim-recebe-feira-em-setembro","status":"publish","type":"post","link":"https:\/\/aphh.pt\/?p=1688","title":{"rendered":"Higiene em hospitais: Berlim recebe feira em setembro"},"content":{"rendered":"\n<p>A Alemanha recebe, entre 24 e 27 de setembro, a feira CMS Berlin 2019 (Cleaning.Management.Services).<\/p>\n\n\n<p>O objetivo do certame \u00e9 proporcionar uma vis\u00e3o aprofundada sobre\nprodutos, sistemas e processos para o mercado da sa\u00fade, al\u00e9m de um\nprograma dirigido a especialistas.<\/p>\n\n\n<p>No dia 26 haver\u00e1 um f\u00f3rum com associa\u00e7\u00f5es que representam a\nind\u00fastria, discutindo-se temas como a higiene e sa\u00fade e a forma\u00e7\u00e3o\nprofissional.<\/p>\n\n\n<p>Entre os produtos em exposi\u00e7\u00e3o contam-se equipamento de limpeza de\ninterior e exterior de edif\u00edcios, materiais de limpeza, equipamento\nt\u00e9cnico e acess\u00f3rios. Ser\u00e1 tamb\u00e9m poss\u00edvel ter contacto com equipamentos\n de gest\u00e3o como software adequado para estes servi\u00e7os. Por \u00faltimo,\nhaver\u00e1 ainda uma \u00e1rea para servi\u00e7os de apoio como deposi\u00e7\u00e3o de res\u00edduos.<\/p>\n\n\n<p>Al\u00e9m do setor da sa\u00fade, a feira dirige-se ao setor comercial, industrial, hoteleiro, municipal e de mobilidade.<\/p>\n\n\n<p>Mais informa\u00e7\u00e3o em <a href=\"https:\/\/www.cms-berlin.com\/\">https:\/\/www.cms-berlin.com\/<\/a><\/p>\n","protected":false},"excerpt":{"rendered":"<p>A Alemanha recebe, entre 24 e 27 de setembro, a feira CMS Berlin 2019 (Cleaning.Management.Services). O objetivo do certame \u00e9 proporcionar uma vis\u00e3o aprofundada sobre produtos, sistemas e processos para o mercado da sa\u00fade, al\u00e9m de um programa dirigido a especialistas. No dia 26 haver\u00e1 um f\u00f3rum com associa\u00e7\u00f5es que representam a ind\u00fastria, discutindo-se temas [&hellip;]<\/p>\n","protected":false},"author":2,"featured_media":0,"comment_status":"closed","ping_status":"closed","sticky":false,"template":"","format":"standard","meta":{"content-type":"","footnotes":""},"categories":[5],"tags":[],"class_list":["post-1688","post","type-post","status-publish","format-standard","hentry","category-eventos"],"_links":{"self":[{"href":"https:\/\/aphh.pt\/index.php?rest_route=\/wp\/v2\/posts\/1688","targetHints":{"allow":["GET"]}}],"collection":[{"href":"https:\/\/aphh.pt\/index.php?rest_route=\/wp\/v2\/posts"}],"about":[{"href":"https:\/\/aphh.pt\/index.php?rest_route=\/wp\/v2\/types\/post"}],"author":[{"embeddable":true,"href":"https:\/\/aphh.pt\/index.php?rest_route=\/wp\/v2\/users\/2"}],"replies":[{"embeddable":true,"href":"https:\/\/aphh.pt\/index.php?rest_route=%2Fwp%2Fv2%2Fcomments&post=1688"}],"version-history":[{"count":0,"href":"https:\/\/aphh.pt\/index.php?rest_route=\/wp\/v2\/posts\/1688\/revisions"}],"wp:attachment":[{"href":"https:\/\/aphh.pt\/index.php?rest_route=%2Fwp%2Fv2%2Fmedia&parent=1688"}],"wp:term":[{"taxonomy":"category","embeddable":true,"href":"https:\/\/aphh.pt\/index.php?rest_route=%2Fwp%2Fv2%2Fcategories&post=1688"},{"taxonomy":"post_tag","embeddable":true,"href":"https:\/\/aphh.pt\/index.php?rest_route=%2Fwp%2Fv2%2Ftags&post=1688"}],"curies":[{"name":"wp","href":"https:\/\/api.w.org\/{rel}","templated":true}]}}