{"id":1692,"date":"2019-05-17T14:56:59","date_gmt":"2019-05-17T14:56:59","guid":{"rendered":"https:\/\/www.aphh.pt\/?p=1692"},"modified":"2019-05-17T14:56:59","modified_gmt":"2019-05-17T14:56:59","slug":"hospital-de-loures-sem-farmacia","status":"publish","type":"post","link":"https:\/\/aphh.pt\/?p=1692","title":{"rendered":"Hospital de Loures sem farm\u00e1cia"},"content":{"rendered":"\n<p>O Presidente da Republica vetou o diploma que permitia a reabertura da farm\u00e1cia do Hospital Beatriz \u00c2ngelo, em Loures.<\/p>\n\n\n<p>Embora com autoriza\u00e7\u00e3o para funcionamento, a farm\u00e1cia do Beatriz\n\u00c2ngelo encerrou em abril ap\u00f3s terminar o respectivo contrato de\nexplora\u00e7\u00e3o.<\/p>\n\n\n<p>Em nota publicada no&nbsp;<em>site<\/em>&nbsp;da Presid\u00eancia da Rep\u00fablica, o\nPresidente da Rep\u00fablica, Marcelo Rebelo de Sousa, justificou o veto ao\ndecreto que teve origem numa iniciativa de um grupo de cidad\u00e3os, mas que\n acabou por ser transformada numa \u201clei singular\u201d.<\/p>\n\n\n<p>A abertura de farm\u00e1cias nos hospitais do Servi\u00e7o Nacional de Sa\u00fade\nfoi autorizada em 2006, atrav\u00e9s de um decreto-lei alterado,\nposteriormente, em 2009.<\/p>\n\n\n<p>O diploma de 2009 alargava a possibilidade da aplica\u00e7\u00e3o de tal regime\n a outros hospitais, mas, sobretudo, excluiu a explora\u00e7\u00e3o direta das\nfarm\u00e1cias pelos pr\u00f3prios hospitais, determinando a sua gest\u00e3o por\nconcess\u00e3o.<\/p>\n\n\n<p>Este veto vai assim de encontro ao desejo de um movimento de 49\nfarm\u00e1cias comunit\u00e1rias que enviaram uma carta ao Presidente da Rep\u00fablica\n solicitando que impedisse a reabertura da farm\u00e1cia do Hospital Beatriz\n\u00c2ngelo, alegando n\u00e3o existir \u00abqualquer raz\u00e3o de facto para reabrir em\nLoures uma farm\u00e1cia com um regime de excep\u00e7\u00e3o \u00e0 lei que se aplica a\ntodas as farm\u00e1cias e a todos os hospitais p\u00fablicos de Portugal\u00bb.<\/p>\n\n\n<p>O movimento \u201cLoures Tem + Sa\u00fade\u201d, que re\u00fane 47 farm\u00e1cias, congratulou-se com o veto.<\/p>\n","protected":false},"excerpt":{"rendered":"<p>O Presidente da Republica vetou o diploma que permitia a reabertura da farm\u00e1cia do Hospital Beatriz \u00c2ngelo, em Loures. Embora com autoriza\u00e7\u00e3o para funcionamento, a farm\u00e1cia do Beatriz \u00c2ngelo encerrou em abril ap\u00f3s terminar o respectivo contrato de explora\u00e7\u00e3o. Em nota publicada no&nbsp;site&nbsp;da Presid\u00eancia da Rep\u00fablica, o Presidente da Rep\u00fablica, Marcelo Rebelo de Sousa, justificou [&hellip;]<\/p>\n","protected":false},"author":2,"featured_media":0,"comment_status":"closed","ping_status":"closed","sticky":false,"template":"","format":"standard","meta":{"content-type":"","footnotes":""},"categories":[4],"tags":[],"class_list":["post-1692","post","type-post","status-publish","format-standard","hentry","category-noticias"],"_links":{"self":[{"href":"https:\/\/aphh.pt\/index.php?rest_route=\/wp\/v2\/posts\/1692","targetHints":{"allow":["GET"]}}],"collection":[{"href":"https:\/\/aphh.pt\/index.php?rest_route=\/wp\/v2\/posts"}],"about":[{"href":"https:\/\/aphh.pt\/index.php?rest_route=\/wp\/v2\/types\/post"}],"author":[{"embeddable":true,"href":"https:\/\/aphh.pt\/index.php?rest_route=\/wp\/v2\/users\/2"}],"replies":[{"embeddable":true,"href":"https:\/\/aphh.pt\/index.php?rest_route=%2Fwp%2Fv2%2Fcomments&post=1692"}],"version-history":[{"count":0,"href":"https:\/\/aphh.pt\/index.php?rest_route=\/wp\/v2\/posts\/1692\/revisions"}],"wp:attachment":[{"href":"https:\/\/aphh.pt\/index.php?rest_route=%2Fwp%2Fv2%2Fmedia&parent=1692"}],"wp:term":[{"taxonomy":"category","embeddable":true,"href":"https:\/\/aphh.pt\/index.php?rest_route=%2Fwp%2Fv2%2Fcategories&post=1692"},{"taxonomy":"post_tag","embeddable":true,"href":"https:\/\/aphh.pt\/index.php?rest_route=%2Fwp%2Fv2%2Ftags&post=1692"}],"curies":[{"name":"wp","href":"https:\/\/api.w.org\/{rel}","templated":true}]}}