{"id":1736,"date":"2019-07-19T11:41:55","date_gmt":"2019-07-19T11:41:55","guid":{"rendered":"https:\/\/www.aphh.pt\/?p=1736"},"modified":"2019-07-19T11:41:55","modified_gmt":"2019-07-19T11:41:55","slug":"roda-dos-alimentos-revista-ate-ao-final-do-ano","status":"publish","type":"post","link":"https:\/\/aphh.pt\/?p=1736","title":{"rendered":"Roda dos Alimentos revista at\u00e9 ao final do ano"},"content":{"rendered":"\n<p>A Roda dos Alimentos vai ser revista at\u00e9 final de 2020, segundo o\nPrograma Nacional para a Promo\u00e7\u00e3o da Alimenta\u00e7\u00e3o Saud\u00e1vel (PNPAS), da\nDire\u00e7\u00e3o-Geral da Sa\u00fade (DGS), que prev\u00ea tamb\u00e9m um sistema de rotulagem\nuniforme e mais f\u00e1cil de entender.<\/p>\n\n\n<p>A Roda dos Alimentos atualmente em vigor j\u00e1 foi criada em 2003, pelo\nque os especialistas consideram existir necessidade de revis\u00e3o.<\/p>\n\n\n<p>Os respons\u00e1veis pelo relat\u00f3rio de 2019 do PNPAS consideram, citados pelo portal da  DGS, que a utiliza\u00e7\u00e3o de rotulagem nutricional simples e clara na parte  da frente das embalagens dos produtos alimentares \u00abdeve ser considerada  como uma importante medida a implementar no \u00e2mbito das estrat\u00e9gias para  promover uma alimenta\u00e7\u00e3o saud\u00e1vel\u00bb, recordando que Portugal \u00abn\u00e3o  apresenta ainda um modelo harmonizado de rotulagem nutricional de  car\u00e1ter interpretativo\u00bb.<\/p>\n\n\n<p>De recordar ainda que a Organiza\u00e7\u00e3o Mundial de Sa\u00fade tem real\u00e7ado,\nnos seus planos de a\u00e7\u00e3o, a import\u00e2ncia de melhorar os modelos de\nrotulagem nutricional.<\/p>\n\n\n<p>\u00abAtualmente, sabe-se que 40% da popula\u00e7\u00e3o portuguesa n\u00e3o consegue\ncompreender a informa\u00e7\u00e3o nutricional presente nos r\u00f3tulos dos\nalimentos\u00bb, indicam os respons\u00e1veis, que reconhecem haver ainda \u00abpouca\nevid\u00eancia\u00bb sobre o modelo de rotulagem nutricional mais ajustado \u00e0s\ncaracter\u00edsticas da popula\u00e7\u00e3o portuguesa.<\/p>\n\n\n<p>O relat\u00f3rio serve ainda para fazer um diagn\u00f3stico da situa\u00e7\u00e3o atual\nem mat\u00e9ria de alimenta\u00e7\u00e3o, recordando que os h\u00e1bitos alimentares\ninadequados s\u00e3o um dos principais determinantes da perda de anos de vida\n saud\u00e1vel pelos portugueses e que o baixo consumo de cereais integrais,\nfruta e frutos oleaginosos s\u00e3o os principais fatores que contribuem para\n a perda de anos de vida saud\u00e1vel.<\/p>\n","protected":false},"excerpt":{"rendered":"<p>A Roda dos Alimentos vai ser revista at\u00e9 final de 2020, segundo o Programa Nacional para a Promo\u00e7\u00e3o da Alimenta\u00e7\u00e3o Saud\u00e1vel (PNPAS), da Dire\u00e7\u00e3o-Geral da Sa\u00fade (DGS), que prev\u00ea tamb\u00e9m um sistema de rotulagem uniforme e mais f\u00e1cil de entender. A Roda dos Alimentos atualmente em vigor j\u00e1 foi criada em 2003, pelo que os [&hellip;]<\/p>\n","protected":false},"author":2,"featured_media":0,"comment_status":"closed","ping_status":"closed","sticky":false,"template":"","format":"standard","meta":{"content-type":"","footnotes":""},"categories":[4],"tags":[],"class_list":["post-1736","post","type-post","status-publish","format-standard","hentry","category-noticias"],"_links":{"self":[{"href":"https:\/\/aphh.pt\/index.php?rest_route=\/wp\/v2\/posts\/1736","targetHints":{"allow":["GET"]}}],"collection":[{"href":"https:\/\/aphh.pt\/index.php?rest_route=\/wp\/v2\/posts"}],"about":[{"href":"https:\/\/aphh.pt\/index.php?rest_route=\/wp\/v2\/types\/post"}],"author":[{"embeddable":true,"href":"https:\/\/aphh.pt\/index.php?rest_route=\/wp\/v2\/users\/2"}],"replies":[{"embeddable":true,"href":"https:\/\/aphh.pt\/index.php?rest_route=%2Fwp%2Fv2%2Fcomments&post=1736"}],"version-history":[{"count":0,"href":"https:\/\/aphh.pt\/index.php?rest_route=\/wp\/v2\/posts\/1736\/revisions"}],"wp:attachment":[{"href":"https:\/\/aphh.pt\/index.php?rest_route=%2Fwp%2Fv2%2Fmedia&parent=1736"}],"wp:term":[{"taxonomy":"category","embeddable":true,"href":"https:\/\/aphh.pt\/index.php?rest_route=%2Fwp%2Fv2%2Fcategories&post=1736"},{"taxonomy":"post_tag","embeddable":true,"href":"https:\/\/aphh.pt\/index.php?rest_route=%2Fwp%2Fv2%2Ftags&post=1736"}],"curies":[{"name":"wp","href":"https:\/\/api.w.org\/{rel}","templated":true}]}}