{"id":1739,"date":"2019-07-26T14:12:04","date_gmt":"2019-07-26T14:12:04","guid":{"rendered":"https:\/\/www.aphh.pt\/?p=1739"},"modified":"2019-10-03T15:42:16","modified_gmt":"2019-10-03T15:42:16","slug":"hospitais-com-mais-autonomia-de-gestao-em-2019","status":"publish","type":"post","link":"https:\/\/aphh.pt\/?p=1739","title":{"rendered":"Hospitais com mais autonomia de gest\u00e3o em 2019"},"content":{"rendered":"\n<p>Segundo a ag\u00eancia LUSA, o despacho conjunto dos secret\u00e1rios de Estado\n Adjunto e da Sa\u00fade j\u00e1 foi assinado e prev\u00ea que durante este ano e nos\nanos seguintes seja desenvolvido e aplicado o projeto de refor\u00e7o da\nautonomia de gest\u00e3o das Entidades P\u00fablicas Empresarias (EPE) que\nintegram o Servi\u00e7o Nacional de Sa\u00fade (SNS).<\/p>\n\n\n\n<p>Este projeto abrange todos os hospitais, centros hospitalares,\ninstitutos portugueses de oncologia e unidades locais de sa\u00fade (ULS) EPE\n do SNS, agrupando-os em tr\u00eas grupos por n\u00edveis de efici\u00eancia.<\/p>\n\n\n\n<p>Prev\u00ea igualmente a cria\u00e7\u00e3o de uma Estrutura de Acompanhamento e\nAvalia\u00e7\u00e3o de Desempenho (EAAD) para acompanhar, monitorizar e a avaliar\n\u201co desenvolvimento das fun\u00e7\u00f5es de gest\u00e3o nas EPE integradas no SNS\u201d e\nque ter\u00e1 representantes da tutela da Sa\u00fade, de entre a Administra\u00e7\u00e3o\nCentral dos Sistemas de Sa\u00fade (ACSS) e de cada Administra\u00e7\u00e3o Regional de\n Sa\u00fade (ARS), e um m\u00e1ximo de tr\u00eas representantes nomeados pela \u00e1rea das\nFinan\u00e7as.<\/p>\n\n\n\n<p>Esta estrutura dever\u00e1 acompanhar \u201clocalmente e em proximidade\u201d o\ndesempenho operacional das EPE do SNS, detetando eventuais desvios ao\ncumprimento das orienta\u00e7\u00f5es e dos compromissos assumidos em termos de\ndesempenho assistencial e econ\u00f3mico financeiros.<\/p>\n\n\n\n<p>Dever\u00e1 igualmente emitir recomenda\u00e7\u00f5es para implementa\u00e7\u00e3o de medidas\nconcretas que contribuam para corrigir eventuais desvios detetados,\nestabelecendo prazos para a sua aplica\u00e7\u00e3o.<\/p>\n","protected":false},"excerpt":{"rendered":"<p>Segundo a ag\u00eancia LUSA, o despacho conjunto dos secret\u00e1rios de Estado Adjunto e da Sa\u00fade j\u00e1 foi assinado e prev\u00ea que durante este ano e nos anos seguintes seja desenvolvido e aplicado o projeto de refor\u00e7o da autonomia de gest\u00e3o das Entidades P\u00fablicas Empresarias (EPE) que integram o Servi\u00e7o Nacional de Sa\u00fade (SNS). Este projeto [&hellip;]<\/p>\n","protected":false},"author":2,"featured_media":1834,"comment_status":"closed","ping_status":"closed","sticky":false,"template":"","format":"standard","meta":{"content-type":"","footnotes":""},"categories":[4],"tags":[],"class_list":["post-1739","post","type-post","status-publish","format-standard","has-post-thumbnail","hentry","category-noticias"],"_links":{"self":[{"href":"https:\/\/aphh.pt\/index.php?rest_route=\/wp\/v2\/posts\/1739","targetHints":{"allow":["GET"]}}],"collection":[{"href":"https:\/\/aphh.pt\/index.php?rest_route=\/wp\/v2\/posts"}],"about":[{"href":"https:\/\/aphh.pt\/index.php?rest_route=\/wp\/v2\/types\/post"}],"author":[{"embeddable":true,"href":"https:\/\/aphh.pt\/index.php?rest_route=\/wp\/v2\/users\/2"}],"replies":[{"embeddable":true,"href":"https:\/\/aphh.pt\/index.php?rest_route=%2Fwp%2Fv2%2Fcomments&post=1739"}],"version-history":[{"count":1,"href":"https:\/\/aphh.pt\/index.php?rest_route=\/wp\/v2\/posts\/1739\/revisions"}],"predecessor-version":[{"id":1835,"href":"https:\/\/aphh.pt\/index.php?rest_route=\/wp\/v2\/posts\/1739\/revisions\/1835"}],"wp:featuredmedia":[{"embeddable":true,"href":"https:\/\/aphh.pt\/index.php?rest_route=\/wp\/v2\/media\/1834"}],"wp:attachment":[{"href":"https:\/\/aphh.pt\/index.php?rest_route=%2Fwp%2Fv2%2Fmedia&parent=1739"}],"wp:term":[{"taxonomy":"category","embeddable":true,"href":"https:\/\/aphh.pt\/index.php?rest_route=%2Fwp%2Fv2%2Fcategories&post=1739"},{"taxonomy":"post_tag","embeddable":true,"href":"https:\/\/aphh.pt\/index.php?rest_route=%2Fwp%2Fv2%2Ftags&post=1739"}],"curies":[{"name":"wp","href":"https:\/\/api.w.org\/{rel}","templated":true}]}}