{"id":1755,"date":"2019-06-07T17:03:34","date_gmt":"2019-06-07T17:03:34","guid":{"rendered":"https:\/\/www.aphh.pt\/?p=1755"},"modified":"2019-06-07T17:03:34","modified_gmt":"2019-06-07T17:03:34","slug":"medicina-fisica-e-de-reabilitacao-em-sacavem","status":"publish","type":"post","link":"https:\/\/aphh.pt\/?p=1755","title":{"rendered":"Medicina F\u00edsica e de Reabilita\u00e7\u00e3o em Sacav\u00e9m"},"content":{"rendered":"\n<p>A Cl\u00ednica Lus\u00edadas Sacav\u00e9m inaugurou, em maio, uma \u00e1rea de  Medicina F\u00edsica e de Reabilita\u00e7\u00e3o. A unidade est\u00e1 instalada num edif\u00edcio  independente, junto \u00e0 cl\u00ednica, que ser\u00e1 inteiramente dedicado a essa  especialidade m\u00e9dica.<\/p>\n\n\n<p>A nova Unidade de Medicina F\u00edsica e de Reabilita\u00e7\u00e3o da Cl\u00ednica\nLus\u00edadas Sacav\u00e9m vai contar com quatro gabinetes de consulta, dois\ngin\u00e1sios, servi\u00e7os de eletroterapia e hidroterapia em piscina.<\/p>\n\n\n<p>A Medicina F\u00edsica e de Reabilita\u00e7\u00e3o tem como objetivos a preven\u00e7\u00e3o,\ndiagn\u00f3stico e tratamento de condi\u00e7\u00f5es incapacitantes ou de melhoria da\nqualidade de vida. Pretende diminuir o impacto destas situa\u00e7\u00f5es e\npermitir \u00e0s pessoas uma completa integra\u00e7\u00e3o social.&nbsp; Com uma abordagem\nglobal, \u00e9 realizado um trabalho em equipa multidisciplinar cujo foco \u00e9 a\n promo\u00e7\u00e3o da funcionalidade f\u00edsica e cognitiva, promovendo a atividade, a\n participa\u00e7\u00e3o e a modifica\u00e7\u00e3o de fatores pessoais e ambientais.&nbsp;<\/p>\n\n\n<p>A integra\u00e7\u00e3o desta unidade na Cl\u00ednica Lus\u00edadas Sacav\u00e9m vai permitir a\n articula\u00e7\u00e3o com outros servi\u00e7os j\u00e1 existentes, nomeadamente de\nImagiologia (com radiologia convencional, TAC, Ecografia e Resson\u00e2ncia\nMagn\u00e9tica brevemente) e todas as outras especialidades m\u00e9dicas, sempre\nnuma l\u00f3gica de continuidade de cuidados em benef\u00edcio do doente.<\/p>\n","protected":false},"excerpt":{"rendered":"<p>A Cl\u00ednica Lus\u00edadas Sacav\u00e9m inaugurou, em maio, uma \u00e1rea de Medicina F\u00edsica e de Reabilita\u00e7\u00e3o. A unidade est\u00e1 instalada num edif\u00edcio independente, junto \u00e0 cl\u00ednica, que ser\u00e1 inteiramente dedicado a essa especialidade m\u00e9dica. A nova Unidade de Medicina F\u00edsica e de Reabilita\u00e7\u00e3o da Cl\u00ednica Lus\u00edadas Sacav\u00e9m vai contar com quatro gabinetes de consulta, dois gin\u00e1sios, [&hellip;]<\/p>\n","protected":false},"author":2,"featured_media":0,"comment_status":"closed","ping_status":"closed","sticky":false,"template":"","format":"standard","meta":{"content-type":"","footnotes":""},"categories":[4],"tags":[],"class_list":["post-1755","post","type-post","status-publish","format-standard","hentry","category-noticias"],"_links":{"self":[{"href":"https:\/\/aphh.pt\/index.php?rest_route=\/wp\/v2\/posts\/1755","targetHints":{"allow":["GET"]}}],"collection":[{"href":"https:\/\/aphh.pt\/index.php?rest_route=\/wp\/v2\/posts"}],"about":[{"href":"https:\/\/aphh.pt\/index.php?rest_route=\/wp\/v2\/types\/post"}],"author":[{"embeddable":true,"href":"https:\/\/aphh.pt\/index.php?rest_route=\/wp\/v2\/users\/2"}],"replies":[{"embeddable":true,"href":"https:\/\/aphh.pt\/index.php?rest_route=%2Fwp%2Fv2%2Fcomments&post=1755"}],"version-history":[{"count":0,"href":"https:\/\/aphh.pt\/index.php?rest_route=\/wp\/v2\/posts\/1755\/revisions"}],"wp:attachment":[{"href":"https:\/\/aphh.pt\/index.php?rest_route=%2Fwp%2Fv2%2Fmedia&parent=1755"}],"wp:term":[{"taxonomy":"category","embeddable":true,"href":"https:\/\/aphh.pt\/index.php?rest_route=%2Fwp%2Fv2%2Fcategories&post=1755"},{"taxonomy":"post_tag","embeddable":true,"href":"https:\/\/aphh.pt\/index.php?rest_route=%2Fwp%2Fv2%2Ftags&post=1755"}],"curies":[{"name":"wp","href":"https:\/\/api.w.org\/{rel}","templated":true}]}}