{"id":1764,"date":"2019-07-05T17:14:26","date_gmt":"2019-07-05T17:14:26","guid":{"rendered":"https:\/\/www.aphh.pt\/?p=1764"},"modified":"2019-07-05T17:14:26","modified_gmt":"2019-07-05T17:14:26","slug":"falta-de-camas-concentra-atencoes-no-congresso-dos-internistas","status":"publish","type":"post","link":"https:\/\/aphh.pt\/?p=1764","title":{"rendered":"Falta de camas concentra aten\u00e7\u00f5es no congresso dos internistas"},"content":{"rendered":"\n<p>A car\u00eancia de camas de internamento, sobretudo entre os meses de\ndezembro e maio, foi um dos assuntos mais debatidos do 25\u00ba Congresso\nNacional de Medicina Interna, que decorreu de 23 a 26 de maio no\nAlgarve.<\/p>\n\n\n<p>\u201cN\u00e3o \u00e9 poss\u00edvel continuar a ignorar este problema que afeta todos os\nanos os Servi\u00e7os de Medicina Interna dos hospitais, principalmente na\n\u00e9poca mais fria. Tem de existir um plano de resposta delineado para cada\n hospital, e para isso s\u00e3o necess\u00e1rias diretivas nacionais que garantam a\n equidade entre os hospitais, e que promovem dessa forma a qualidade e\nseguran\u00e7a no tratamento dos doentes\u201d, pediu Jo\u00e3o Ara\u00fajo Correia,\npresidente da Sociedade Portuguesa de Medicina Interna.<\/p>\n\n\n<p>A SPMI realizou, em fevereiro, um inqu\u00e9rito que teve como objetivo\ncontabilizar o n\u00famero de camas extra e de doentes com internamento\nconclu\u00eddo em cada Servi\u00e7o de Medicina Interna. Segundo o internista,\n\u201catrav\u00e9s de uma amostra de 78 por cento do total dos servi\u00e7os desta\nespecialidade, que corresponde a uma lota\u00e7\u00e3o base de 4.866 camas,\nverificou-se que havia at\u00e9 ent\u00e3o 2.142 camas extra (mais 44 por cento),\ncom 39 por cento de doentes internados no Servi\u00e7o de Urg\u00eancia, 53 por\ncento noutros servi\u00e7os e 8 por cento em camas \u201cacrescentadas\u201d aos\nServi\u00e7os de Medicina Interna\u201d.<\/p>\n\n\n<p>\u201cEsta foi a primeira vez que se p\u00f4de contabilizar e justificar o\nenorme acr\u00e9scimo de trabalho a que os internistas s\u00e3o submetidos num\nper\u00edodo nunca inferior a tr\u00eas meses, o qual deve ser contabilizado como\nprodu\u00e7\u00e3o adicional\u201d, explica Jo\u00e3o Ara\u00fajo Correia.<\/p>\n","protected":false},"excerpt":{"rendered":"<p>A car\u00eancia de camas de internamento, sobretudo entre os meses de dezembro e maio, foi um dos assuntos mais debatidos do 25\u00ba Congresso Nacional de Medicina Interna, que decorreu de 23 a 26 de maio no Algarve. \u201cN\u00e3o \u00e9 poss\u00edvel continuar a ignorar este problema que afeta todos os anos os Servi\u00e7os de Medicina Interna [&hellip;]<\/p>\n","protected":false},"author":2,"featured_media":0,"comment_status":"closed","ping_status":"closed","sticky":false,"template":"","format":"standard","meta":{"content-type":"","footnotes":""},"categories":[4],"tags":[],"class_list":["post-1764","post","type-post","status-publish","format-standard","hentry","category-noticias"],"_links":{"self":[{"href":"https:\/\/aphh.pt\/index.php?rest_route=\/wp\/v2\/posts\/1764","targetHints":{"allow":["GET"]}}],"collection":[{"href":"https:\/\/aphh.pt\/index.php?rest_route=\/wp\/v2\/posts"}],"about":[{"href":"https:\/\/aphh.pt\/index.php?rest_route=\/wp\/v2\/types\/post"}],"author":[{"embeddable":true,"href":"https:\/\/aphh.pt\/index.php?rest_route=\/wp\/v2\/users\/2"}],"replies":[{"embeddable":true,"href":"https:\/\/aphh.pt\/index.php?rest_route=%2Fwp%2Fv2%2Fcomments&post=1764"}],"version-history":[{"count":0,"href":"https:\/\/aphh.pt\/index.php?rest_route=\/wp\/v2\/posts\/1764\/revisions"}],"wp:attachment":[{"href":"https:\/\/aphh.pt\/index.php?rest_route=%2Fwp%2Fv2%2Fmedia&parent=1764"}],"wp:term":[{"taxonomy":"category","embeddable":true,"href":"https:\/\/aphh.pt\/index.php?rest_route=%2Fwp%2Fv2%2Fcategories&post=1764"},{"taxonomy":"post_tag","embeddable":true,"href":"https:\/\/aphh.pt\/index.php?rest_route=%2Fwp%2Fv2%2Ftags&post=1764"}],"curies":[{"name":"wp","href":"https:\/\/api.w.org\/{rel}","templated":true}]}}