{"id":2903,"date":"2023-01-27T20:04:47","date_gmt":"2023-01-27T20:04:47","guid":{"rendered":"https:\/\/aphh.pt\/?p=2903"},"modified":"2023-01-27T20:04:47","modified_gmt":"2023-01-27T20:04:47","slug":"faleceu-o-socio-honorario-da-aphh-prof-jose-nogueira-da-rocha","status":"publish","type":"post","link":"https:\/\/aphh.pt\/?p=2903","title":{"rendered":"Faleceu o S\u00f3cio Honor\u00e1rio da APHH, Prof. Jos\u00e9 Nogueira da Rocha."},"content":{"rendered":"\n<p>Conforme refere nota da APAH:<br>\u201cJos\u00e9 Joaquim Nogueira da Rocha nasceu na freguesia de Rios de Moinhos, concelho de Penafiel, a 6 de agosto de 1936. Licenciou-se em Direito pela Faculdade de Direito de Lisboa (1965) e diplomou-se em Administra\u00e7\u00e3o Hospitalar pela Escola Nacional de Sa\u00fade P\u00fablica (1971).<br><br>Pelos seus m\u00e9ritos profissionais e acad\u00e9micos, mas acima de tudo pelas suas qualidades humanas, o Prof. Nogueira da Rocha foi uma refer\u00eancia para v\u00e1rias gera\u00e7\u00f5es de Administradores Hospitalares. A sua contribui\u00e7\u00e3o para a constru\u00e7\u00e3o do SNS e para a consolida\u00e7\u00e3o da Administra\u00e7\u00e3o Hospitalar Portuguesa, deixa uma marca indel\u00e9vel que o tempo n\u00e3o apagar\u00e1. A APAH, grata pelo legado que o Prof. Nogueira da Rocha nos deixa para a posteridade, endere\u00e7a \u00e0 fam\u00edlia e amigos as suas maiores condol\u00eancias.<br><br>O corpo ir\u00e1 estar em c\u00e2mara ardente na Igreja do Col\u00e9gio Universit\u00e1rio Pio XII, a partir das 17:30 e ser\u00e1 realizada uma missa \u00e0s 19:00. A missa de corpo presente ser\u00e1 realizada amanh\u00e3 \u00e0s 10:00 e o corpo seguir\u00e1 para o jazigo da fam\u00edlia em Rio de Moinhos &#8211; Penafiel.\u201d<\/p>\n","protected":false},"excerpt":{"rendered":"<p>Conforme refere nota da APAH:\u201cJos\u00e9 Joaquim Nogueira da Rocha nasceu na freguesia de Rios de Moinhos, concelho de Penafiel, a 6 de agosto de 1936. Licenciou-se em Direito pela Faculdade de Direito de Lisboa (1965) e diplomou-se em Administra\u00e7\u00e3o Hospitalar pela Escola Nacional de Sa\u00fade P\u00fablica (1971). Pelos seus m\u00e9ritos profissionais e acad\u00e9micos, mas acima [&hellip;]<\/p>\n","protected":false},"author":1,"featured_media":2904,"comment_status":"closed","ping_status":"","sticky":false,"template":"","format":"standard","meta":{"content-type":"","footnotes":""},"categories":[4],"tags":[],"class_list":["post-2903","post","type-post","status-publish","format-standard","has-post-thumbnail","hentry","category-noticias"],"_links":{"self":[{"href":"https:\/\/aphh.pt\/index.php?rest_route=\/wp\/v2\/posts\/2903","targetHints":{"allow":["GET"]}}],"collection":[{"href":"https:\/\/aphh.pt\/index.php?rest_route=\/wp\/v2\/posts"}],"about":[{"href":"https:\/\/aphh.pt\/index.php?rest_route=\/wp\/v2\/types\/post"}],"author":[{"embeddable":true,"href":"https:\/\/aphh.pt\/index.php?rest_route=\/wp\/v2\/users\/1"}],"replies":[{"embeddable":true,"href":"https:\/\/aphh.pt\/index.php?rest_route=%2Fwp%2Fv2%2Fcomments&post=2903"}],"version-history":[{"count":1,"href":"https:\/\/aphh.pt\/index.php?rest_route=\/wp\/v2\/posts\/2903\/revisions"}],"predecessor-version":[{"id":2905,"href":"https:\/\/aphh.pt\/index.php?rest_route=\/wp\/v2\/posts\/2903\/revisions\/2905"}],"wp:featuredmedia":[{"embeddable":true,"href":"https:\/\/aphh.pt\/index.php?rest_route=\/wp\/v2\/media\/2904"}],"wp:attachment":[{"href":"https:\/\/aphh.pt\/index.php?rest_route=%2Fwp%2Fv2%2Fmedia&parent=2903"}],"wp:term":[{"taxonomy":"category","embeddable":true,"href":"https:\/\/aphh.pt\/index.php?rest_route=%2Fwp%2Fv2%2Fcategories&post=2903"},{"taxonomy":"post_tag","embeddable":true,"href":"https:\/\/aphh.pt\/index.php?rest_route=%2Fwp%2Fv2%2Ftags&post=2903"}],"curies":[{"name":"wp","href":"https:\/\/api.w.org\/{rel}","templated":true}]}}