{"id":761,"date":"2013-05-10T09:22:40","date_gmt":"2013-05-10T09:22:40","guid":{"rendered":"http:\/\/aphh.pt\/index.php\/?p=761"},"modified":"2013-05-10T09:22:40","modified_gmt":"2013-05-10T09:22:40","slug":"3o-congresso-internacional-de-qualidade-em-saude-e-seguranca-do-doente","status":"publish","type":"post","link":"https:\/\/aphh.pt\/?p=761","title":{"rendered":"3\u00ba Congresso Internacional de Qualidade em Sa\u00fade e Seguran\u00e7a do Doente"},"content":{"rendered":"<p><a href=\"http:\/\/aphh.pt\/wp-content\/uploads\/2013\/05\/QPSbanner3encontro_FINAL4.preview_.jpg\"><img loading=\"lazy\" decoding=\"async\" class=\"alignnone size-full wp-image-762\" alt=\"QPSbanner3encontro_FINAL4.preview_\" src=\"http:\/\/aphh.pt\/wp-content\/uploads\/2013\/05\/QPSbanner3encontro_FINAL4.preview_.jpg\" width=\"152\" height=\"60\" srcset=\"https:\/\/aphh.pt\/wp-content\/uploads\/2013\/05\/QPSbanner3encontro_FINAL4.preview_.jpg 152w, https:\/\/aphh.pt\/wp-content\/uploads\/2013\/05\/QPSbanner3encontro_FINAL4.preview_-150x60.jpg 150w\" sizes=\"auto, (max-width: 152px) 100vw, 152px\" \/><\/a><br \/>\nDecorre a 24 e 25 de maio, em Lisboa, o\u00a03\u00ba Congresso Internacional de Qualidade em Sa\u00fade e Seguran\u00e7a do Doente. Na manh\u00e3 do dia 24, o programa ser\u00e1 constitu\u00eddo por seis cursos onde ser\u00e3o abordadas as tem\u00e1ticas da Gest\u00e3o do Risco Cl\u00ednico e Seguran\u00e7a do Doente, Controlo de Infe\u00e7\u00e3o e Seguran\u00e7a do Doente, Acredita\u00e7\u00e3o e sistemas de notifica\u00e7\u00e3o, entre outros.<br \/>\nDa parte da tarde o programa focar-se-\u00e1 nas quest\u00f5es econ\u00f3micas, bem como no problema das infe\u00e7\u00f5es associadas aos cuidados de sa\u00fade e seguran\u00e7a do doente. Ser\u00e3o tamb\u00e9m debatidas experi\u00eancias &#8220;locais&#8221; em pa\u00edses lus\u00f3fonos, bem como avalia\u00e7\u00e3o e melhoria em seguran\u00e7a do doente.<br \/>\nNo dia 25 haver\u00e1 novo painel sobre Avalia\u00e7\u00e3o e Melhoria em Seguran\u00e7a do Doente e ser\u00e1 tamb\u00e9m discutida a qualidade e seguran\u00e7a na Sa\u00fade em tempo de conten\u00e7\u00e3o or\u00e7amental.<br \/>\nVeja o programa completo <a href=\"http:\/\/www.qualsafetyportugal.eu\/node\/47\">aqui<\/a><br \/>\n&nbsp;<br \/>\n&nbsp;<br \/>\n&nbsp;<\/p>\n","protected":false},"excerpt":{"rendered":"<p>Decorre a 24 e 25 de maio, em Lisboa, o\u00a03\u00ba Congresso Internacional de Qualidade em Sa\u00fade e Seguran\u00e7a do Doente. Na manh\u00e3 do dia 24, o programa ser\u00e1 constitu\u00eddo por seis cursos onde ser\u00e3o abordadas as tem\u00e1ticas da Gest\u00e3o do Risco Cl\u00ednico e Seguran\u00e7a do Doente, Controlo de Infe\u00e7\u00e3o e Seguran\u00e7a do Doente, Acredita\u00e7\u00e3o e [&hellip;]<\/p>\n","protected":false},"author":2,"featured_media":0,"comment_status":"closed","ping_status":"closed","sticky":false,"template":"","format":"standard","meta":{"content-type":"","footnotes":""},"categories":[4],"tags":[],"class_list":["post-761","post","type-post","status-publish","format-standard","hentry","category-noticias"],"_links":{"self":[{"href":"https:\/\/aphh.pt\/index.php?rest_route=\/wp\/v2\/posts\/761","targetHints":{"allow":["GET"]}}],"collection":[{"href":"https:\/\/aphh.pt\/index.php?rest_route=\/wp\/v2\/posts"}],"about":[{"href":"https:\/\/aphh.pt\/index.php?rest_route=\/wp\/v2\/types\/post"}],"author":[{"embeddable":true,"href":"https:\/\/aphh.pt\/index.php?rest_route=\/wp\/v2\/users\/2"}],"replies":[{"embeddable":true,"href":"https:\/\/aphh.pt\/index.php?rest_route=%2Fwp%2Fv2%2Fcomments&post=761"}],"version-history":[{"count":0,"href":"https:\/\/aphh.pt\/index.php?rest_route=\/wp\/v2\/posts\/761\/revisions"}],"wp:attachment":[{"href":"https:\/\/aphh.pt\/index.php?rest_route=%2Fwp%2Fv2%2Fmedia&parent=761"}],"wp:term":[{"taxonomy":"category","embeddable":true,"href":"https:\/\/aphh.pt\/index.php?rest_route=%2Fwp%2Fv2%2Fcategories&post=761"},{"taxonomy":"post_tag","embeddable":true,"href":"https:\/\/aphh.pt\/index.php?rest_route=%2Fwp%2Fv2%2Ftags&post=761"}],"curies":[{"name":"wp","href":"https:\/\/api.w.org\/{rel}","templated":true}]}}