{"id":893,"date":"2013-09-18T09:19:21","date_gmt":"2013-09-18T09:19:21","guid":{"rendered":"http:\/\/www.aphh.pt\/?p=893"},"modified":"2013-09-18T09:19:21","modified_gmt":"2013-09-18T09:19:21","slug":"pediatria-do-ipo-de-lisboa-remodelada","status":"publish","type":"post","link":"https:\/\/aphh.pt\/?p=893","title":{"rendered":"Pediatria do IPO de Lisboa remodelada"},"content":{"rendered":"<p>O internamento do Servi\u00e7o de Pediatria do IPO de Lisboa voltou a funcionar em pleno, no final do m\u00eas de julho, ap\u00f3s interven\u00e7\u00e3o realizada numa das alas da unidade.<br \/>\nForam substitu\u00eddos todos os equipamentos de ar condicionado e foi remodelada a instala\u00e7\u00e3o el\u00e9trica. Foram substitu\u00eddas todas as portas dos quartos, implicando em alguns casos o seu alargamento para facilitar a entrada e sa\u00edda das camas, assim como todas as janelas para garantir maior efici\u00eancia t\u00e9rmica.<br \/>\nFoi tamb\u00e9m melhorada e reformulada a Unidade de Isolamento, que disp\u00f5e de tr\u00eas quartos. Foram ainda colocados spots de ilumina\u00e7\u00e3o em todo o corredor do Servi\u00e7o, o que permite a redu\u00e7\u00e3o de ilumina\u00e7\u00e3o durante a noite, criando assim um ambiente mais acolhedor\u201d, explicou a Diretora do Servi\u00e7o, Filomena Pereira. Estas altera\u00e7\u00f5es abrangeram a \u00e1rea de internamento, com um total de 15 camas, sendo que a principal preocupa\u00e7\u00e3o foi garantir que os doentes beneficiassem de condi\u00e7\u00f5es de temperatura adequadas.<br \/>\nFilomena Pereira sublinhou que \u201cpara que esta melhoria fosse alcan\u00e7ada com sucesso, o Instituto contou com o apoio de outras unidades de sa\u00fade, nomeadamente os Hospitais Beatriz \u00c2ngelo, S\u00e3o Francisco Xavier, Cascais e Santar\u00e9m, que receberam os nossos doentes durante o per\u00edodo de obras\u201d.<br \/>\nMais informa\u00e7\u00e3o <a href=\"http:\/\/www.ipolisboa.min-saude.pt\/default.aspx?tag=content&amp;contentid=10011\" target=\"_blank\" rel=\"noopener noreferrer\">aqui<\/a>.<\/p>\n","protected":false},"excerpt":{"rendered":"<p>O internamento do Servi\u00e7o de Pediatria do IPO de Lisboa voltou a funcionar em pleno, no final do m\u00eas de julho, ap\u00f3s interven\u00e7\u00e3o realizada numa das alas da unidade. Foram substitu\u00eddos todos os equipamentos de ar condicionado e foi remodelada a instala\u00e7\u00e3o el\u00e9trica. Foram substitu\u00eddas todas as portas dos quartos, implicando em alguns casos o [&hellip;]<\/p>\n","protected":false},"author":2,"featured_media":0,"comment_status":"closed","ping_status":"closed","sticky":false,"template":"","format":"standard","meta":{"content-type":"","footnotes":""},"categories":[4],"tags":[],"class_list":["post-893","post","type-post","status-publish","format-standard","hentry","category-noticias"],"_links":{"self":[{"href":"https:\/\/aphh.pt\/index.php?rest_route=\/wp\/v2\/posts\/893","targetHints":{"allow":["GET"]}}],"collection":[{"href":"https:\/\/aphh.pt\/index.php?rest_route=\/wp\/v2\/posts"}],"about":[{"href":"https:\/\/aphh.pt\/index.php?rest_route=\/wp\/v2\/types\/post"}],"author":[{"embeddable":true,"href":"https:\/\/aphh.pt\/index.php?rest_route=\/wp\/v2\/users\/2"}],"replies":[{"embeddable":true,"href":"https:\/\/aphh.pt\/index.php?rest_route=%2Fwp%2Fv2%2Fcomments&post=893"}],"version-history":[{"count":0,"href":"https:\/\/aphh.pt\/index.php?rest_route=\/wp\/v2\/posts\/893\/revisions"}],"wp:attachment":[{"href":"https:\/\/aphh.pt\/index.php?rest_route=%2Fwp%2Fv2%2Fmedia&parent=893"}],"wp:term":[{"taxonomy":"category","embeddable":true,"href":"https:\/\/aphh.pt\/index.php?rest_route=%2Fwp%2Fv2%2Fcategories&post=893"},{"taxonomy":"post_tag","embeddable":true,"href":"https:\/\/aphh.pt\/index.php?rest_route=%2Fwp%2Fv2%2Ftags&post=893"}],"curies":[{"name":"wp","href":"https:\/\/api.w.org\/{rel}","templated":true}]}}